{"id":4567,"date":"2025-08-08T15:11:59","date_gmt":"2025-08-08T18:11:59","guid":{"rendered":"https:\/\/malvese.com.br\/?p=4567"},"modified":"2025-08-08T15:12:57","modified_gmt":"2025-08-08T18:12:57","slug":"crimes-empresariais-prevencao-responsabilizacao-penal-gestores","status":"publish","type":"post","link":"https:\/\/malvese.com.br\/index.php\/2025\/08\/08\/crimes-empresariais-prevencao-responsabilizacao-penal-gestores\/","title":{"rendered":"Crimes Empresariais: Como Prevenir a Responsabiliza\u00e7\u00e3o Penal de Gestores e Proteger o Patrim\u00f4nio da Empresa"},"content":{"rendered":"<p><span style=\"font-weight: 400;\">No cen\u00e1rio empresarial contempor\u00e2neo, a responsabiliza\u00e7\u00e3o penal de gestores por crimes corporativos tem se tornado um risco real e crescente. Em tempos de intensa fiscaliza\u00e7\u00e3o e exig\u00eancias regulat\u00f3rias, compreender os limites da responsabilidade criminal \u00e9 essencial para preservar a integridade da empresa e a liberdade de seus l\u00edderes.<\/span><\/p>\n<p><span style=\"font-weight: 400;\">Neste artigo, vamos abordar de forma estrat\u00e9gica como prevenir a responsabiliza\u00e7\u00e3o penal de gestores diante de crimes empresariais, oferecendo orienta\u00e7\u00f5es pr\u00e1ticas e jur\u00eddicas para atuar com seguran\u00e7a e intelig\u00eancia.<\/span><\/p>\n<h2><b>O Que S\u00e3o Crimes Empresariais e Por Que Eles Amea\u00e7am Gestores e Empresas<\/b><\/h2>\n<h3><b>Defini\u00e7\u00e3o legal e exemplos cl\u00e1ssicos<\/b><\/h3>\n<p><span style=\"font-weight: 400;\">Crimes empresariais s\u00e3o infra\u00e7\u00f5es penais cometidas no exerc\u00edcio da atividade empresarial. Podem envolver desde fraudes cont\u00e1beis e sonega\u00e7\u00e3o fiscal at\u00e9 crimes ambientais, trabalhistas, contra a ordem econ\u00f4mica ou o sistema financeiro nacional.<\/span><\/p>\n<h3><b>Crimes mais comuns no contexto corporativo<\/b><\/h3>\n<p><span style=\"font-weight: 400;\">Entre os delitos mais recorrentes est\u00e3o:<\/span><\/p>\n<ul>\n<li style=\"font-weight: 400;\" aria-level=\"1\"><span style=\"font-weight: 400;\">Crimes contra a ordem tribut\u00e1ria (Lei n.\u00ba 8.137\/90)<\/span><span style=\"font-weight: 400;\"><br \/>\n<\/span><\/li>\n<li style=\"font-weight: 400;\" aria-level=\"1\"><span style=\"font-weight: 400;\">Corrup\u00e7\u00e3o ativa e passiva (art. 317 e 333 do C\u00f3digo Penal)<\/span><span style=\"font-weight: 400;\"><br \/>\n<\/span><\/li>\n<li style=\"font-weight: 400;\" aria-level=\"1\"><span style=\"font-weight: 400;\">Lavagem de dinheiro (Lei n.\u00ba 9.613\/98)<\/span><span style=\"font-weight: 400;\"><br \/>\n<\/span><\/li>\n<li style=\"font-weight: 400;\" aria-level=\"1\"><span style=\"font-weight: 400;\">Crimes ambientais (Lei n.\u00ba 9.605\/98)<\/span><span style=\"font-weight: 400;\"><br \/>\n<\/span><\/li>\n<li style=\"font-weight: 400;\" aria-level=\"1\"><span style=\"font-weight: 400;\">Fraude em licita\u00e7\u00f5es (Lei n.\u00ba 14.133\/2021)<\/span><span style=\"font-weight: 400;\"><br \/>\n<\/span><\/li>\n<\/ul>\n<p><span style=\"font-weight: 400;\">Essas pr\u00e1ticas podem gerar impactos severos, desde multas milion\u00e1rias at\u00e9 a pris\u00e3o de executivos, al\u00e9m da repercuss\u00e3o negativa \u00e0 imagem da empresa.<\/span><\/p>\n<h2><b>A Responsabilidade Penal do Gestor: Quando o Executivo Pode Ser Acusado<\/b><\/h2>\n<h3><b>Diferen\u00e7a entre responsabilidade objetiva e subjetiva<\/b><\/h3>\n<p><span style=\"font-weight: 400;\">No direito penal, prevalece o princ\u00edpio da responsabilidade subjetiva \u2014 ou seja, \u00e9 preciso comprovar dolo ou culpa. No entanto, no ambiente empresarial, a complexidade das estruturas pode implicar em responsabiliza\u00e7\u00f5es indiretas, especialmente em casos de omiss\u00e3o.<\/span><\/p>\n<h3><b>Teoria do dom\u00ednio do fato e a sua aplica\u00e7\u00e3o no Brasil<\/b><\/h3>\n<p><span style=\"font-weight: 400;\">Importada da doutrina alem\u00e3, a teoria do dom\u00ednio do fato ganhou notoriedade no julgamento da A\u00e7\u00e3o Penal 470 (Mensal\u00e3o). Ela sustenta que aquele que det\u00e9m o controle da a\u00e7\u00e3o, mesmo que n\u00e3o execute diretamente o crime, pode ser responsabilizado. Isso tornou ainda mais sens\u00edvel a posi\u00e7\u00e3o de s\u00f3cios, diretores e administradores.<\/span><\/p>\n<h3><b>Casos emblem\u00e1ticos no Direito Penal Empresarial<\/b><\/h3>\n<p><span style=\"font-weight: 400;\">Casos como o da Samarco (desastre de Mariana) e da Vale (Brumadinho) demonstram como diretores podem ser alvos de investiga\u00e7\u00f5es, mesmo quando n\u00e3o h\u00e1 a\u00e7\u00e3o direta, mas sim falhas na supervis\u00e3o e na governan\u00e7a corporativa.<\/span><\/p>\n<h2><b>Principais Fatores de Risco Penal nas Opera\u00e7\u00f5es Empresariais<\/b><\/h2>\n<h3><b>Lacunas de compliance e controles internos<\/b><\/h3>\n<p><span style=\"font-weight: 400;\">A aus\u00eancia de um sistema eficaz de compliance pode ser interpretada como omiss\u00e3o. Empresas que n\u00e3o possuem c\u00f3digos de conduta, auditorias frequentes ou canais de den\u00fancia estruturados tornam-se alvos mais vulner\u00e1veis.<\/span><\/p>\n<h3><b>Condutas negligentes ou omissivas de diretores e administradores<\/b><\/h3>\n<p><span style=\"font-weight: 400;\">Negligenciar alertas internos, ignorar relat\u00f3rios de auditoria ou n\u00e3o agir diante de irregularidades pode configurar participa\u00e7\u00e3o omissiva \u2014 especialmente em posi\u00e7\u00f5es de comando.<\/span><\/p>\n<h2><b>Como Estruturar um Programa de Compliance Penal Eficiente<\/b><\/h2>\n<h3><b>Componentes essenciais de um programa de preven\u00e7\u00e3o<\/b><\/h3>\n<p><span style=\"font-weight: 400;\">Um programa de compliance penal corporativo deve conter:<\/span><\/p>\n<ul>\n<li style=\"font-weight: 400;\" aria-level=\"1\"><span style=\"font-weight: 400;\">Avalia\u00e7\u00e3o de riscos<\/span><span style=\"font-weight: 400;\"><br \/>\n<\/span><\/li>\n<li style=\"font-weight: 400;\" aria-level=\"1\"><span style=\"font-weight: 400;\">C\u00f3digo de conduta e pol\u00edticas internas<\/span><span style=\"font-weight: 400;\"><br \/>\n<\/span><\/li>\n<li style=\"font-weight: 400;\" aria-level=\"1\"><span style=\"font-weight: 400;\">Canal de den\u00fancias com prote\u00e7\u00e3o ao denunciante<\/span><span style=\"font-weight: 400;\"><br \/>\n<\/span><\/li>\n<li style=\"font-weight: 400;\" aria-level=\"1\"><span style=\"font-weight: 400;\">Treinamentos peri\u00f3dicos<\/span><span style=\"font-weight: 400;\"><br \/>\n<\/span><\/li>\n<li style=\"font-weight: 400;\" aria-level=\"1\"><span style=\"font-weight: 400;\">Monitoramento e revis\u00e3o cont\u00ednua<\/span><span style=\"font-weight: 400;\"><br \/>\n<\/span><\/li>\n<\/ul>\n<p><span style=\"font-weight: 400;\">Essas pr\u00e1ticas n\u00e3o apenas ajudam a prevenir crimes, mas tamb\u00e9m podem ser usadas como atenuantes em eventual a\u00e7\u00e3o penal, conforme reconhecido por jurisprud\u00eancia e pelas autoridades de persecu\u00e7\u00e3o.<\/span><\/p>\n<h3><b>Papel do jur\u00eddico interno e externo<\/b><\/h3>\n<p><span style=\"font-weight: 400;\">O jur\u00eddico interno deve atuar de forma integrada \u00e0 gest\u00e3o, enquanto escrit\u00f3rios externos como a<\/span><a href=\"https:\/\/malvese.com.br\/\" target=\"_blank\" rel=\"noopener\"> <span style=\"font-weight: 400;\">Malvese Advogados Associados<\/span><\/a><span style=\"font-weight: 400;\"> podem oferecer avalia\u00e7\u00f5es independentes, due diligence e defesas t\u00e9cnicas em casos sens\u00edveis.<\/span><\/p>\n<h3><b>Treinamentos, canais de den\u00fancia e cultura organizacional<\/b><\/h3>\n<p><span style=\"font-weight: 400;\">A cultura de integridade deve ser fomentada desde o topo. Treinamentos frequentes, comunica\u00e7\u00e3o transparente e valoriza\u00e7\u00e3o de comportamentos \u00e9ticos ajudam a consolidar um ambiente corporativo seguro.<\/span><\/p>\n<h2><b>Preven\u00e7\u00e3o de riscos na pr\u00e1tica: Condutas estrat\u00e9gicas para os gestores<\/b><\/h2>\n<h3><b>Como agir diante de uma suspeita ou investiga\u00e7\u00e3o<\/b><\/h3>\n<p><span style=\"font-weight: 400;\">O gestor deve:<\/span><\/p>\n<ul>\n<li style=\"font-weight: 400;\" aria-level=\"1\"><span style=\"font-weight: 400;\">Informar o departamento jur\u00eddico imediatamente<\/span><span style=\"font-weight: 400;\"><br \/>\n<\/span><\/li>\n<li style=\"font-weight: 400;\" aria-level=\"1\"><span style=\"font-weight: 400;\">Documentar decis\u00f5es e encaminhamentos<\/span><span style=\"font-weight: 400;\"><br \/>\n<\/span><\/li>\n<li style=\"font-weight: 400;\" aria-level=\"1\"><span style=\"font-weight: 400;\">Cooperar com investiga\u00e7\u00f5es de forma estrat\u00e9gica<\/span><span style=\"font-weight: 400;\"><br \/>\n<\/span><\/li>\n<\/ul>\n<p><span style=\"font-weight: 400;\">A omiss\u00e3o pode ser interpretada como coniv\u00eancia, especialmente em estruturas hier\u00e1rquicas r\u00edgidas.<\/span><\/p>\n<h3><b>A import\u00e2ncia de registros, atas e decis\u00f5es colegiadas<\/b><\/h3>\n<p><span style=\"font-weight: 400;\">Decis\u00f5es compartilhadas e devidamente registradas em atas s\u00e3o fundamentais para demonstrar boa-f\u00e9, transpar\u00eancia e aus\u00eancia de dolo. Isso pode ser decisivo em uma apura\u00e7\u00e3o penal.<\/span><\/p>\n<h3><b>Due diligence e auditorias preventivas<\/b><\/h3>\n<p><span style=\"font-weight: 400;\">Auditorias frequentes e dilig\u00eancias na contrata\u00e7\u00e3o de terceiros s\u00e3o pr\u00e1ticas que demonstram cuidado e reduzem significativamente os riscos de envolvimento em crimes empresariais.<\/span><\/p>\n<p><span style=\"font-weight: 400;\">Para mais detalhes, veja nosso artigo sobre<\/span><a title=\"Compliance Trabalhista: Preven\u00e7\u00e3o de Riscos com Procedimentos Internos que Blindam sua Empresa\" href=\"https:\/\/malvese.com.br\/index.php\/2025\/08\/08\/compliance-trabalhista-prevencao-riscos-procedimentos-internos\/\" target=\"_blank\" rel=\"noopener\"> <span style=\"font-weight: 400;\">a import\u00e2ncia do compliance nas rela\u00e7\u00f5es corporativas<\/span><\/a><span style=\"font-weight: 400;\">.<\/span><\/p>\n<h2><b>Quando Procurar um Advogado Criminal Empresarial: Sinais de Alerta<\/b><\/h2>\n<h3><b>Situa\u00e7\u00f5es cr\u00edticas que exigem orienta\u00e7\u00e3o especializada<\/b><\/h3>\n<ul>\n<li style=\"font-weight: 400;\" aria-level=\"1\"><span style=\"font-weight: 400;\">Recebimento de notifica\u00e7\u00e3o de autoridade fiscal, ambiental ou trabalhista<\/span><span style=\"font-weight: 400;\"><br \/>\n<\/span><\/li>\n<li style=\"font-weight: 400;\" aria-level=\"1\"><span style=\"font-weight: 400;\">D\u00favidas sobre responsabilidade penal em opera\u00e7\u00f5es espec\u00edficas<\/span><span style=\"font-weight: 400;\"><br \/>\n<\/span><\/li>\n<li style=\"font-weight: 400;\" aria-level=\"1\"><span style=\"font-weight: 400;\">Exist\u00eancia de den\u00fancias internas com potencial criminal<\/span><span style=\"font-weight: 400;\"><br \/>\n<\/span><\/li>\n<\/ul>\n<h3><b>Diferen\u00e7a entre atua\u00e7\u00e3o preventiva e defesa t\u00e9cnica<\/b><\/h3>\n<p><span style=\"font-weight: 400;\">A atua\u00e7\u00e3o preventiva no \u00e2mbito jur\u00eddico penal empresarial consiste em um conjunto de a\u00e7\u00f5es planejadas e cont\u00ednuas que visam evitar o surgimento de problemas legais e criminais para a empresa e seus gestores. Essa abordagem inclui a implementa\u00e7\u00e3o de pol\u00edticas de compliance, treinamentos regulares, monitoramento constante das atividades empresariais e orienta\u00e7\u00e3o especializada para garantir que todas as pr\u00e1ticas estejam em conformidade com a legisla\u00e7\u00e3o vigente. O objetivo principal da atua\u00e7\u00e3o preventiva \u00e9 minimizar riscos, antecipar poss\u00edveis falhas e corrigir condutas antes que elas resultem em infra\u00e7\u00f5es penais ou processos judiciais.<\/span><\/p>\n<p><b>Defesa t\u00e9cnica<\/b><\/p>\n<p><span style=\"font-weight: 400;\">Por outro lado, a defesa t\u00e9cnica \u00e9 uma estrat\u00e9gia reativa, acionada quando a empresa ou seus gestores j\u00e1 est\u00e3o envolvidos em investiga\u00e7\u00f5es, den\u00fancias ou processos criminais. Essa fase envolve a elabora\u00e7\u00e3o de defesas jur\u00eddicas robustas, a negocia\u00e7\u00e3o com autoridades investigativas, poss\u00edveis acordos ou dela\u00e7\u00f5es premiadas, e o acompanhamento rigoroso dos procedimentos judiciais para proteger os direitos do cliente. Enquanto a preven\u00e7\u00e3o busca evitar o conflito, a defesa t\u00e9cnica atua para minimizar os impactos e garantir a melhor resolu\u00e7\u00e3o poss\u00edvel quando o problema j\u00e1 ocorreu.<\/span><\/p>\n<h3><b>Como escolher um escrit\u00f3rio com expertise em Direito Penal Empresarial<\/b><\/h3>\n<p><span style=\"font-weight: 400;\">Priorize escrit\u00f3rios com:<\/span><\/p>\n<ul>\n<li style=\"font-weight: 400;\" aria-level=\"1\"><span style=\"font-weight: 400;\">Hist\u00f3rico de atua\u00e7\u00e3o no contencioso penal empresarial<\/span><span style=\"font-weight: 400;\"><br \/>\n<\/span><\/li>\n<li style=\"font-weight: 400;\" aria-level=\"1\"><span style=\"font-weight: 400;\">Equipe multidisciplinar<\/span><span style=\"font-weight: 400;\"><br \/>\n<\/span><\/li>\n<li style=\"font-weight: 400;\" aria-level=\"1\"><span style=\"font-weight: 400;\">Abordagem preventiva e estrat\u00e9gica<\/span><span style=\"font-weight: 400;\"><br \/>\n<\/span><\/li>\n<\/ul>\n<p><span style=\"font-weight: 400;\">A<\/span><a title=\"Sobre N\u00f3s\" href=\"https:\/\/malvese.com.br\/index.php\/sobre-nos\/\" target=\"_blank\" rel=\"noopener\"> <span style=\"font-weight: 400;\">Malvese Advogados Associados<\/span><\/a><span style=\"font-weight: 400;\"> possui tradi\u00e7\u00e3o e excel\u00eancia na defesa de empres\u00e1rios, com foco na prote\u00e7\u00e3o patrimonial e institucional de seus clientes.<\/span><\/p>\n<h2><b>A Import\u00e2ncia da Governan\u00e7a Corporativa na Preven\u00e7\u00e3o de Crimes Empresariais<\/b><\/h2>\n<h3><b>Governan\u00e7a corporativa como ferramenta de controle e transpar\u00eancia<\/b><\/h3>\n<p><span style=\"font-weight: 400;\">A governan\u00e7a corporativa refere-se ao conjunto de pr\u00e1ticas, regras e processos que garantem o equil\u00edbrio entre os interesses dos s\u00f3cios, gestores, colaboradores e demais stakeholders. Um modelo de governan\u00e7a s\u00f3lido \u00e9 fundamental para criar um ambiente de controle eficiente e reduzir os riscos de pr\u00e1ticas il\u00edcitas dentro da empresa.<\/span><\/p>\n<h3><b>Como a governan\u00e7a previne a responsabiliza\u00e7\u00e3o penal<\/b><\/h3>\n<p><span style=\"font-weight: 400;\">A ado\u00e7\u00e3o de mecanismos como conselhos fiscais e administrativos, auditorias independentes, e segrega\u00e7\u00e3o clara de fun\u00e7\u00f5es fortalece a transpar\u00eancia e a fiscaliza\u00e7\u00e3o interna. Isso impede que decis\u00f5es sejam tomadas de forma unilateral, diminuindo as chances de erros que possam resultar em crimes empresariais e, consequentemente, na responsabiliza\u00e7\u00e3o penal de gestores.<\/span><\/p>\n<h3><b>Casos pr\u00e1ticos de sucesso e li\u00e7\u00f5es aprendidas<\/b><\/h3>\n<p><span style=\"font-weight: 400;\">Empresas que investem em governan\u00e7a corporativa frequentemente conseguem mitigar crises jur\u00eddicas e at\u00e9 evitar a\u00e7\u00f5es penais. A transpar\u00eancia e a presta\u00e7\u00e3o de contas eficazes s\u00e3o vistas com bons olhos pelo Judici\u00e1rio e \u00f3rg\u00e3os reguladores, servindo como atenuantes em eventuais processos.<\/span><\/p>\n<h2><b>Conclus\u00e3o<\/b><\/h2>\n<p><span style=\"font-weight: 400;\">Prevenir a responsabiliza\u00e7\u00e3o penal de gestores n\u00e3o \u00e9 apenas uma medida jur\u00eddica \u2014 \u00e9 uma estrat\u00e9gia de prote\u00e7\u00e3o empresarial. Em um ambiente regulat\u00f3rio cada vez mais r\u00edgido, liderar com consci\u00eancia legal e estruturar pr\u00e1ticas de compliance \u00e9 o melhor caminho para blindar a reputa\u00e7\u00e3o e o patrim\u00f4nio da empresa.<\/span><\/p>\n<p><b>Se sua empresa precisa de suporte jur\u00eddico especializado para atuar com seguran\u00e7a e preven\u00e7\u00e3o, <a title=\"Contato\" href=\"https:\/\/malvese.com.br\/index.php\/contato\/\" target=\"_blank\" rel=\"noopener\">conte com a Malvese<\/a> Advogados Associados.<\/b><span style=\"font-weight: 400;\"> Nossa equipe est\u00e1 pronta para oferecer uma an\u00e1lise sob medida para o seu neg\u00f3cio.<\/span><\/p>\n","protected":false},"excerpt":{"rendered":"<p>No cen\u00e1rio empresarial contempor\u00e2neo, a responsabiliza\u00e7\u00e3o penal de gestores por crimes corporativos tem se tornado um risco real e crescente. Em tempos de intensa fiscaliza\u00e7\u00e3o e exig\u00eancias regulat\u00f3rias, compreender os limites da responsabilidade criminal \u00e9 essencial para preservar a integridade da empresa e a liberdade de seus l\u00edderes. Neste artigo, vamos abordar de forma estrat\u00e9gica [&hellip;]<\/p>\n","protected":false},"author":1,"featured_media":4568,"comment_status":"open","ping_status":"open","sticky":false,"template":"","format":"standard","meta":{"om_disable_all_campaigns":false,"_uf_show_specific_survey":0,"_uf_disable_surveys":false,"_joinchat":[],"footnotes":""},"categories":[31],"tags":[250,343,341,345,342,71,98,344,160,346],"class_list":["post-4567","post","type-post","status-publish","format-standard","has-post-thumbnail","hentry","category-direito-empresarial","tag-advogados-empresariais","tag-compliance-penal","tag-crimes-empresariais","tag-defesa-penal-para-empresas","tag-direito-penal-empresarial","tag-governanca-corporativa","tag-malvese-advogados","tag-prevencao-de-riscos-juridicos","tag-protecao-patrimonial","tag-responsabilidade-criminal-de-gestores"],"aioseo_notices":[],"_links":{"self":[{"href":"https:\/\/malvese.com.br\/index.php\/wp-json\/wp\/v2\/posts\/4567","targetHints":{"allow":["GET"]}}],"collection":[{"href":"https:\/\/malvese.com.br\/index.php\/wp-json\/wp\/v2\/posts"}],"about":[{"href":"https:\/\/malvese.com.br\/index.php\/wp-json\/wp\/v2\/types\/post"}],"author":[{"embeddable":true,"href":"https:\/\/malvese.com.br\/index.php\/wp-json\/wp\/v2\/users\/1"}],"replies":[{"embeddable":true,"href":"https:\/\/malvese.com.br\/index.php\/wp-json\/wp\/v2\/comments?post=4567"}],"version-history":[{"count":2,"href":"https:\/\/malvese.com.br\/index.php\/wp-json\/wp\/v2\/posts\/4567\/revisions"}],"predecessor-version":[{"id":4570,"href":"https:\/\/malvese.com.br\/index.php\/wp-json\/wp\/v2\/posts\/4567\/revisions\/4570"}],"wp:featuredmedia":[{"embeddable":true,"href":"https:\/\/malvese.com.br\/index.php\/wp-json\/wp\/v2\/media\/4568"}],"wp:attachment":[{"href":"https:\/\/malvese.com.br\/index.php\/wp-json\/wp\/v2\/media?parent=4567"}],"wp:term":[{"taxonomy":"category","embeddable":true,"href":"https:\/\/malvese.com.br\/index.php\/wp-json\/wp\/v2\/categories?post=4567"},{"taxonomy":"post_tag","embeddable":true,"href":"https:\/\/malvese.com.br\/index.php\/wp-json\/wp\/v2\/tags?post=4567"}],"curies":[{"name":"wp","href":"https:\/\/api.w.org\/{rel}","templated":true}]}}