{"id":4649,"date":"2025-10-02T15:17:42","date_gmt":"2025-10-02T18:17:42","guid":{"rendered":"https:\/\/malvese.com.br\/?p=4649"},"modified":"2025-10-02T15:29:06","modified_gmt":"2025-10-02T18:29:06","slug":"assedio-e-discriminacao-nas-empresas-como-estruturar-politicas-internas-de-prevencao","status":"publish","type":"post","link":"https:\/\/malvese.com.br\/index.php\/2025\/10\/02\/assedio-e-discriminacao-nas-empresas-como-estruturar-politicas-internas-de-prevencao\/","title":{"rendered":"Ass\u00e9dio e Discrimina\u00e7\u00e3o nas Empresas: Como Estruturar Pol\u00edticas Internas de Preven\u00e7\u00e3o"},"content":{"rendered":"<p><span style=\"font-weight: 400;\">Ass\u00e9dio e discrimina\u00e7\u00e3o nas empresas n\u00e3o s\u00e3o apenas quest\u00f5es \u00e9ticas: representam riscos jur\u00eddicos, financeiros e de reputa\u00e7\u00e3o que podem comprometer a sustentabilidade do neg\u00f3cio. Este guia pr\u00e1tico mostra como estruturar pol\u00edticas internas de preven\u00e7\u00e3o com base na legisla\u00e7\u00e3o brasileira, em boas pr\u00e1ticas de governan\u00e7a e em processos que realmente funcionam no dia a dia corporativo. O objetivo \u00e9 oferecer um roteiro acion\u00e1vel para gestores, departamentos de RH e conselhos de administra\u00e7\u00e3o que buscam conformidade e cultura organizacional saud\u00e1vel.<\/span><\/p>\n<h2><b>Conceitos essenciais: o que \u00e9 ass\u00e9dio e o que \u00e9 discrimina\u00e7\u00e3o no ambiente corporativo<\/b><\/h2>\n<p><span style=\"font-weight: 400;\">Antes de desenhar pol\u00edticas, a empresa precisa uniformizar conceitos. O ass\u00e9dio e a discrimina\u00e7\u00e3o no trabalho podem se manifestar de forma expl\u00edcita ou sutil; ambos afetam a sa\u00fade do time, o clima organizacional e exp\u00f5em a organiza\u00e7\u00e3o a responsabilidades civis e trabalhistas. A pol\u00edtica interna deve trazer defini\u00e7\u00f5es claras, exemplos pr\u00e1ticos e canais de apoio, para que qualquer colaborador identifique situa\u00e7\u00f5es de risco e saiba como agir.<\/span><\/p>\n<h3><b>Ass\u00e9dio moral x ass\u00e9dio sexual: defini\u00e7\u00f5es, exemplos e diferen\u00e7as pr\u00e1ticas<\/b><\/h3>\n<p><span style=\"font-weight: 400;\">O ass\u00e9dio moral envolve condutas repetitivas que humilham, isolam, constrangem ou desqualificam o profissional, como boicote de informa\u00e7\u00f5es, exposi\u00e7\u00e3o vexat\u00f3ria ou intimida\u00e7\u00e3o. J\u00e1 o ass\u00e9dio sexual envolve avan\u00e7os, insinua\u00e7\u00f5es ou chantagens de conota\u00e7\u00e3o sexual, geralmente associados a assimetria de poder. Em ambos os casos, a empresa deve aplicar a pol\u00edtica de toler\u00e2ncia zero, com preven\u00e7\u00e3o, investiga\u00e7\u00e3o e responsabiliza\u00e7\u00e3o.<\/span><\/p>\n<h3><b>Discrimina\u00e7\u00e3o direta e indireta: como identificar crit\u00e9rios vedados<\/b><\/h3>\n<p><span style=\"font-weight: 400;\">A discrimina\u00e7\u00e3o direta ocorre quando a pessoa \u00e9 tratada de forma desigual por motivo de ra\u00e7a, g\u00eanero, idade, religi\u00e3o, defici\u00eancia, orienta\u00e7\u00e3o sexual ou outras caracter\u00edsticas protegidas. A discrimina\u00e7\u00e3o indireta acontece quando uma regra aparentemente neutra cria impacto desproporcional em um grupo. Exemplo: exigir disponibilidade de hor\u00e1rio incompat\u00edvel com a maioria das cuidadoras, afetando sobretudo mulheres.<\/span><\/p>\n<h3><b>Impactos jur\u00eddicos, financeiros e reputacionais para a empresa<\/b><\/h3>\n<p><span style=\"font-weight: 400;\">Pr\u00e1ticas abusivas aumentam rotatividade, afastamentos, passivos trabalhistas e riscos reputacionais. Processos judiciais, multas e indeniza\u00e7\u00f5es podem afetar caixa e valuation, al\u00e9m de comprometer programas de ESG. Empresas que estruturam pol\u00edticas robustas tendem a reduzir incidentes, fortalecer a marca empregadora e atrair talentos qualificados.<\/span><\/p>\n<h2><b>Base legal brasileira: o que sua pol\u00edtica precisa contemplar para estar em conformidade<\/b><\/h2>\n<p><span style=\"font-weight: 400;\">No Brasil, normas espec\u00edficas refor\u00e7am a necessidade de preven\u00e7\u00e3o. A pol\u00edtica deve dialogar com a legisla\u00e7\u00e3o trabalhista, civil e de prote\u00e7\u00e3o de dados, alinhando governan\u00e7a, RH e compliance.<\/span><\/p>\n<h3><b>Lei 9.029\/95 e veda\u00e7\u00f5es a pr\u00e1ticas discriminat\u00f3rias<\/b><\/h3>\n<p><span style=\"font-weight: 400;\">A Lei 9.029\/1995 pro\u00edbe pr\u00e1ticas discriminat\u00f3rias na admiss\u00e3o e manuten\u00e7\u00e3o do emprego, como exigir teste de gravidez, esteriliza\u00e7\u00e3o ou aplicar crit\u00e9rios de sele\u00e7\u00e3o que violem igualdade de oportunidades. A pol\u00edtica deve espelhar essas veda\u00e7\u00f5es e prever mecanismos de detec\u00e7\u00e3o e corre\u00e7\u00e3o r\u00e1pida.<\/span><\/p>\n<h3><b>NR-5 (CIPA de Preven\u00e7\u00e3o de Acidentes e de Ass\u00e9dio) e treinamentos obrigat\u00f3rios<\/b><\/h3>\n<p><span style=\"font-weight: 400;\">A NR-5 incorporou a preven\u00e7\u00e3o do ass\u00e9dio \u00e0 agenda da CIPA, que ganhou atribui\u00e7\u00f5es de educa\u00e7\u00e3o, orienta\u00e7\u00e3o e acompanhamento. Empresas enquadradas devem promover treinamentos peri\u00f3dicos, registrar conte\u00fados e comprovar participa\u00e7\u00e3o, integrando a CIPA ao comit\u00ea interno de integridade.<\/span><\/p>\n<h3><b>Lei 14.457\/2022 e a amplia\u00e7\u00e3o das medidas preventivas<\/b><\/h3>\n<p><span style=\"font-weight: 400;\">A lei fortaleceu mecanismos de preven\u00e7\u00e3o \u00e0 viol\u00eancia, ao ass\u00e9dio e \u00e0 discrimina\u00e7\u00e3o. Entre as medidas, destacam-se a capacita\u00e7\u00e3o cont\u00ednua, campanhas de comunica\u00e7\u00e3o, canais de den\u00fancia eficazes e prote\u00e7\u00e3o contra retalia\u00e7\u00e3o. Tais exig\u00eancias devem constar expressamente na pol\u00edtica e nos c\u00f3digos de conduta.<\/span><\/p>\n<h3><b>Lei 14.611\/2023 (igualdade salarial) e transpar\u00eancia como ant\u00eddoto \u00e0 discrimina\u00e7\u00e3o<\/b><\/h3>\n<p><span style=\"font-weight: 400;\">A lei sobre igualdade salarial entre mulheres e homens exige transpar\u00eancia remunerat\u00f3ria e crit\u00e9rios objetivos de promo\u00e7\u00e3o. Relat\u00f3rios, planos de a\u00e7\u00e3o e auditorias internas ajudam a mitigar vieses e refor\u00e7am a coer\u00eancia entre discurso e pr\u00e1tica.<\/span><\/p>\n<h2><b>Arquitetura da pol\u00edtica interna: pilares, escopo e responsabilidades<\/b><\/h2>\n<p><span style=\"font-weight: 400;\">Uma pol\u00edtica eficaz \u00e9 clara, acess\u00edvel e aplic\u00e1vel. Ela deve explicitar princ\u00edpios, escopo, condutas proibidas, pap\u00e9is institucionais e fluxos de resposta. A linguagem deve ser objetiva, sem jarg\u00f5es jur\u00eddicos desnecess\u00e1rios, e estar dispon\u00edvel a empregados, estagi\u00e1rios, aprendizes e terceiros.<\/span><\/p>\n<h3><b>Princ\u00edpios: toler\u00e2ncia zero, n\u00e3o retalia\u00e7\u00e3o e prote\u00e7\u00e3o \u00e0 boa-f\u00e9<\/b><\/h3>\n<p><span style=\"font-weight: 400;\">A pol\u00edtica precisa declarar que condutas abusivas n\u00e3o ser\u00e3o toleradas e que relatos de boa-f\u00e9, ainda que n\u00e3o confirmados, n\u00e3o ensejam puni\u00e7\u00e3o ao denunciante. A veda\u00e7\u00e3o a retalia\u00e7\u00f5es deve abranger testemunhas e pessoas envolvidas na apura\u00e7\u00e3o.<\/span><\/p>\n<h3><b>Escopo e exemplos de condutas proibidas (clareza operacional)<\/b><\/h3>\n<p><span style=\"font-weight: 400;\">Liste exemplos pr\u00e1ticos: piadas ofensivas, exclus\u00e3o deliberada de reuni\u00f5es, coment\u00e1rios sobre apar\u00eancia, termos pejorativos, convites insistentes, mensagens inapropriadas, exposi\u00e7\u00e3o de conte\u00fado sexual, press\u00e3o por benef\u00edcios em troca de favores. A objetividade reduz zona cinzenta e facilita a atua\u00e7\u00e3o da lideran\u00e7a.<\/span><\/p>\n<h3><b>Pap\u00e9is e responsabilidades (alta gest\u00e3o, RH, CIPA, l\u00edderes e terceiros)<\/b><\/h3>\n<p><span style=\"font-weight: 400;\">A alta administra\u00e7\u00e3o patrocina a pol\u00edtica e responde por recursos; RH e Compliance estruturam processos; a CIPA atua na preven\u00e7\u00e3o; l\u00edderes garantem o cumprimento no time; o jur\u00eddico orienta e monitora risco. Fornecedores e consultores devem aderir contratualmente \u00e0s mesmas regras.<\/span><\/p>\n<h2><b>Canal de den\u00fancias e gest\u00e3o de casos: do recebimento \u00e0 solu\u00e7\u00e3o<\/b><\/h2>\n<p><span style=\"font-weight: 400;\">Sem um canal confi\u00e1vel, a pol\u00edtica perde credibilidade. O sistema deve ser acess\u00edvel, multicanal e garantir confidencialidade. O fluxo de tratamento precisa ter prazos, responsabilidades e registros audit\u00e1veis.<\/span><\/p>\n<h3><b>Requisitos do canal (acess\u00edvel, 24\/7, anonimato, m\u00faltiplos meios)<\/b><\/h3>\n<p><span style=\"font-weight: 400;\">Recomenda-se oferecer web, app, e-mail e linha telef\u00f4nica, com atendimento 24\/7 e op\u00e7\u00e3o de anonimato. O canal deve ser amplamente divulgado em onboarding, murais, intranet e contratos com terceiros.<\/span><\/p>\n<h3><b>Fluxo de triagem, investiga\u00e7\u00e3o interna e prazos de resposta<\/b><\/h3>\n<p><span style=\"font-weight: 400;\">Defina etapas: recebimento e classifica\u00e7\u00e3o; triagem inicial; investiga\u00e7\u00e3o com entrevistas e coleta de evid\u00eancias; relat\u00f3rio conclusivo; comunica\u00e7\u00e3o \u00e0s partes; medidas corretivas. Estabele\u00e7a prazos m\u00e1ximos (ex.: 5 dias \u00fateis para triagem e 30 para conclus\u00e3o) e crit\u00e9rios de prioriza\u00e7\u00e3o.<\/span><\/p>\n<h3><b>Medidas disciplinares, acordos e plano de remedia\u00e7\u00e3o<\/b><\/h3>\n<p><span style=\"font-weight: 400;\">As consequ\u00eancias devem ser proporcionais \u00e0 gravidade: orienta\u00e7\u00e3o, advert\u00eancia, suspens\u00e3o ou desligamento. Em casos sist\u00eamicos, implemente plano de remedia\u00e7\u00e3o com treinamentos adicionais, ajustes de processos e a\u00e7\u00f5es de cultura.<\/span><\/p>\n<h2><b>Treinamentos, comunica\u00e7\u00e3o e cultura: como tirar a pol\u00edtica do papel<\/b><\/h2>\n<p><span style=\"font-weight: 400;\">Preven\u00e7\u00e3o \u00e9 rotina, n\u00e3o evento. A pol\u00edtica precisa viver no onboarding, nas reciclagens anuais e nas campanhas de cultura, com o exemplo ativo da lideran\u00e7a e a participa\u00e7\u00e3o da CIPA e do Jur\u00eddico.<\/span><\/p>\n<h3><b>Onboarding e reciclagem anual (CIPA, lideran\u00e7as e times cr\u00edticos)<\/b><\/h3>\n<p><span style=\"font-weight: 400;\">Inclua m\u00f3dulos espec\u00edficos para gestores e times de maior risco (comercial, opera\u00e7\u00f5es de campo, atendimento). Registre presen\u00e7a, avalie reten\u00e7\u00e3o de conte\u00fado e mantenha trilhas de aprendizado cont\u00ednuas.<\/span><\/p>\n<h3><b>Campanhas internas, embaixadores e mensagens de lideran\u00e7a<\/b><\/h3>\n<p><span style=\"font-weight: 400;\">Promova campanhas tem\u00e1ticas, storytelling de valores e conte\u00fados em m\u00faltiplos formatos (cards, v\u00eddeos curtos, FAQs). Nomeie embaixadores locais para refor\u00e7ar o tema no cotidiano das equipes.<\/span><\/p>\n<h3><b>Extens\u00e3o a terceiros: fornecedores, parceiros e prestadores<\/b><\/h3>\n<p><span style=\"font-weight: 400;\">Exija cl\u00e1usulas contratuais de integridade, reporte de incidentes e coopera\u00e7\u00e3o em investiga\u00e7\u00f5es. Estenda treinamentos essenciais a terceiros que atuem em depend\u00eancias da empresa.<\/span><\/p>\n<h2><b>Monitoramento, m\u00e9tricas e melhoria cont\u00ednua<\/b><\/h2>\n<p><span style=\"font-weight: 400;\">Sem medi\u00e7\u00e3o, n\u00e3o h\u00e1 gest\u00e3o. Defina indicadores, audite processos e publique resultados compat\u00edveis com a maturidade da organiza\u00e7\u00e3o. A revis\u00e3o anual deve incorporar aprendizados, mudan\u00e7as legais e benchmarks.<\/span><\/p>\n<h3><b>Indicadores-chave (tempo de resposta, reincid\u00eancia, clima, pay gap)<\/b><\/h3>\n<p><span style=\"font-weight: 400;\">Acompanhe taxa de den\u00fancias por \u00e1rea, tempo m\u00e9dio de apura\u00e7\u00e3o, reincid\u00eancia, percep\u00e7\u00e3o de seguran\u00e7a psicol\u00f3gica e indicadores de equidade (promo\u00e7\u00f5es, faixas salariais e benef\u00edcios).<\/span><\/p>\n<h3><b>Auditorias, relat\u00f3rios de transpar\u00eancia e presta\u00e7\u00e3o de contas<\/b><\/h3>\n<p><span style=\"font-weight: 400;\">Auditorias internas e, quando necess\u00e1rio, externas, fortalecem confiabilidade. Relat\u00f3rios de transpar\u00eancia e planos de a\u00e7\u00e3o d\u00e3o previsibilidade a colaboradores, investidores e \u00f3rg\u00e3os de fiscaliza\u00e7\u00e3o.<\/span><\/p>\n<h3><b>Revis\u00f5es peri\u00f3dicas e integra\u00e7\u00e3o com programas de DEI e LGPD<\/b><\/h3>\n<p><span style=\"font-weight: 400;\">Integre a pol\u00edtica a iniciativas de diversidade, equidade e inclus\u00e3o, a c\u00f3digos de conduta e a programas de privacidade. Garanta que processos de den\u00fancia e investiga\u00e7\u00e3o tratem dados pessoais com base legal, minimiza\u00e7\u00e3o e seguran\u00e7a.<\/span><\/p>\n<h2><b>Perguntas Frequentes (FAQ) sobre Ass\u00e9dio e Discrimina\u00e7\u00e3o nas Empresas<\/b><\/h2>\n<h3><b>O que muda na CIPA com a Lei 14.457\/22?<\/b><\/h3>\n<p><span style=\"font-weight: 400;\">A Lei 14.457\/2022 ampliou a atua\u00e7\u00e3o da CIPA, que passou a se chamar Comiss\u00e3o Interna de Preven\u00e7\u00e3o de Acidentes e de Ass\u00e9dio. Al\u00e9m da sa\u00fade e seguran\u00e7a tradicionais, a comiss\u00e3o deve executar a\u00e7\u00f5es de preven\u00e7\u00e3o e combate ao ass\u00e9dio, com treinamentos anuais, campanhas educativas e apoio a canais de den\u00fancia. Essa integra\u00e7\u00e3o ajuda a levar o tema para o cotidiano das equipes e facilita a interlocu\u00e7\u00e3o com a gest\u00e3o.<\/span><\/p>\n<h3><b>O canal de den\u00fancias pode ser an\u00f4nimo?<\/b><\/h3>\n<p><span style=\"font-weight: 400;\">Sim. O anonimato \u00e9 recomend\u00e1vel para reduzir medo de exposi\u00e7\u00e3o e incentivar relatos de boa-f\u00e9. O canal deve ser acess\u00edvel a todos (inclusive terceiros), operar 24\/7 quando poss\u00edvel e estar em conformidade com a LGPD, assegurando sigilo, registro adequado e seguran\u00e7a da informa\u00e7\u00e3o. A pol\u00edtica deve explicitar prote\u00e7\u00e3o contra retalia\u00e7\u00e3o a denunciantes e testemunhas.<\/span><\/p>\n<h3><b>Quais s\u00e3o as penalidades para empresas que n\u00e3o possuem pol\u00edtica antidiscrimina\u00e7\u00e3o?<\/b><\/h3>\n<p><span style=\"font-weight: 400;\">Empresas que n\u00e3o previnem ou tratam adequadamente incidentes podem enfrentar multas administrativas, condena\u00e7\u00f5es por danos morais, a\u00e7\u00f5es civis p\u00fablicas e restri\u00e7\u00f5es em contratos com o poder p\u00fablico. Al\u00e9m do impacto financeiro, h\u00e1 riscos reputacionais significativos, que afetam employer branding, atra\u00e7\u00e3o de talentos e relacionamento com investidores e clientes.<\/span><\/p>\n<h2><b>Conclus\u00e3o<\/b><\/h2>\n<p><span style=\"font-weight: 400;\">Estruturar pol\u00edticas internas de preven\u00e7\u00e3o ao ass\u00e9dio e \u00e0 discrimina\u00e7\u00e3o \u00e9 uma estrat\u00e9gia de prote\u00e7\u00e3o patrimonial, de conformidade e de cultura. Ao alinhar base legal, processos claros, canais confi\u00e1veis e lideran\u00e7a engajada, a empresa reduz riscos, fortalece a reputa\u00e7\u00e3o e cria um ambiente seguro para pessoas e resultados.<\/span><\/p>\n<p><span style=\"font-weight: 400;\">Se voc\u00ea deseja implementar ou revisar sua pol\u00edtica com seguran\u00e7a jur\u00eddica e efetividade operacional, conte com o suporte do <\/span><a href=\"https:\/\/malvese.com.br\/\" target=\"_blank\" rel=\"noopener\"><span style=\"font-weight: 400;\">Malvese Advogados Associados<\/span><\/a><span style=\"font-weight: 400;\">. Atuamos em Direito Empresarial e Patrimonial com foco em governan\u00e7a, compliance e gest\u00e3o de riscos. Para se aprofundar, acesse tamb\u00e9m os conte\u00fados do nosso <\/span><a title=\"Blog\" href=\"https:\/\/malvese.com.br\/index.php\/blog\/\" target=\"_blank\" rel=\"noopener\"><span style=\"font-weight: 400;\">blog oficial<\/span><\/a><span style=\"font-weight: 400;\"> e fale com nossa equipe.<\/span><\/p>\n<p>&nbsp;<\/p>\n","protected":false},"excerpt":{"rendered":"<p>Ass\u00e9dio e discrimina\u00e7\u00e3o nas empresas n\u00e3o s\u00e3o apenas quest\u00f5es \u00e9ticas: representam riscos jur\u00eddicos, financeiros e de reputa\u00e7\u00e3o que podem comprometer a sustentabilidade do neg\u00f3cio. Este guia pr\u00e1tico mostra como estruturar pol\u00edticas internas de preven\u00e7\u00e3o com base na legisla\u00e7\u00e3o brasileira, em boas pr\u00e1ticas de governan\u00e7a e em processos que realmente funcionam no dia a dia corporativo. [&hellip;]<\/p>\n","protected":false},"author":1,"featured_media":4654,"comment_status":"open","ping_status":"open","sticky":false,"template":"","format":"standard","meta":{"om_disable_all_campaigns":false,"_uf_show_specific_survey":0,"_uf_disable_surveys":false,"_joinchat":[],"footnotes":""},"categories":[31],"tags":[93,95,32,115,421,283,112],"class_list":["post-4649","post","type-post","status-publish","format-standard","has-post-thumbnail","hentry","category-direito-empresarial","tag-compliance-corporativo","tag-cultura-organizacional","tag-direito-empresarial","tag-gestao-de-pessoas","tag-governanca-e-esg","tag-legislacao-trabalhista","tag-recursos-humanos"],"aioseo_notices":[],"_links":{"self":[{"href":"https:\/\/malvese.com.br\/index.php\/wp-json\/wp\/v2\/posts\/4649","targetHints":{"allow":["GET"]}}],"collection":[{"href":"https:\/\/malvese.com.br\/index.php\/wp-json\/wp\/v2\/posts"}],"about":[{"href":"https:\/\/malvese.com.br\/index.php\/wp-json\/wp\/v2\/types\/post"}],"author":[{"embeddable":true,"href":"https:\/\/malvese.com.br\/index.php\/wp-json\/wp\/v2\/users\/1"}],"replies":[{"embeddable":true,"href":"https:\/\/malvese.com.br\/index.php\/wp-json\/wp\/v2\/comments?post=4649"}],"version-history":[{"count":1,"href":"https:\/\/malvese.com.br\/index.php\/wp-json\/wp\/v2\/posts\/4649\/revisions"}],"predecessor-version":[{"id":4650,"href":"https:\/\/malvese.com.br\/index.php\/wp-json\/wp\/v2\/posts\/4649\/revisions\/4650"}],"wp:featuredmedia":[{"embeddable":true,"href":"https:\/\/malvese.com.br\/index.php\/wp-json\/wp\/v2\/media\/4654"}],"wp:attachment":[{"href":"https:\/\/malvese.com.br\/index.php\/wp-json\/wp\/v2\/media?parent=4649"}],"wp:term":[{"taxonomy":"category","embeddable":true,"href":"https:\/\/malvese.com.br\/index.php\/wp-json\/wp\/v2\/categories?post=4649"},{"taxonomy":"post_tag","embeddable":true,"href":"https:\/\/malvese.com.br\/index.php\/wp-json\/wp\/v2\/tags?post=4649"}],"curies":[{"name":"wp","href":"https:\/\/api.w.org\/{rel}","templated":true}]}}