{"id":4695,"date":"2025-10-17T14:31:04","date_gmt":"2025-10-17T17:31:04","guid":{"rendered":"https:\/\/malvese.com.br\/?p=4695"},"modified":"2025-10-17T14:31:04","modified_gmt":"2025-10-17T17:31:04","slug":"o-que-muda-com-a-reforma-tributaria-impactos-praticos-para-empresarios-e-profissionais-liberais","status":"publish","type":"post","link":"https:\/\/malvese.com.br\/index.php\/2025\/10\/17\/o-que-muda-com-a-reforma-tributaria-impactos-praticos-para-empresarios-e-profissionais-liberais\/","title":{"rendered":"O Que Muda com a Reforma Tribut\u00e1ria: Impactos Pr\u00e1ticos para Empres\u00e1rios e Profissionais Liberais"},"content":{"rendered":"<p><span style=\"font-weight: 400;\">A Reforma Tribut\u00e1ria brasileira representa uma das maiores transforma\u00e7\u00f5es fiscais das \u00faltimas d\u00e9cadas. Depois de anos de debates, o novo modelo promete simplificar o sistema, reduzir distor\u00e7\u00f5es e modernizar a forma como empresas e profissionais liberais recolhem seus tributos. Mas, na pr\u00e1tica, <\/span><b>O Que Muda com a Reforma Tribut\u00e1ria<\/b><span style=\"font-weight: 400;\">? Quais ser\u00e3o os impactos reais no dia a dia de empres\u00e1rios e aut\u00f4nomos?<\/span><\/p>\n<p><span style=\"font-weight: 400;\">Neste artigo, o <\/span><a href=\"https:\/\/malvese.com.br\/\" target=\"_blank\" rel=\"noopener\"><span style=\"font-weight: 400;\">Malvese Advogados Associados<\/span><\/a><span style=\"font-weight: 400;\"> analisa os principais pontos da mudan\u00e7a e apresenta orienta\u00e7\u00f5es jur\u00eddicas e estrat\u00e9gicas para atravessar essa transi\u00e7\u00e3o com seguran\u00e7a.<\/span><\/p>\n<h2><b>Contextualiza\u00e7\u00e3o: O Que Muda com a Reforma Tribut\u00e1ria para Empres\u00e1rios e Profissionais Liberais<\/b><\/h2>\n<p><span style=\"font-weight: 400;\">O sistema tribut\u00e1rio brasileiro \u00e9 reconhecido pela complexidade. A coexist\u00eancia de impostos federais, estaduais e municipais \u2014 como PIS, COFINS, ICMS, ISS e IPI \u2014 cria uma teia burocr\u00e1tica que consome tempo, recursos e gera inseguran\u00e7a jur\u00eddica.<\/span><\/p>\n<p><span style=\"font-weight: 400;\">Com a <\/span><b>Emenda Constitucional n\u00ba 132\/2023<\/b><span style=\"font-weight: 400;\">, o governo prop\u00f5e uma reorganiza\u00e7\u00e3o completa desses tributos, substituindo-os por novos impostos de base ampla, com foco na simplifica\u00e7\u00e3o e neutralidade. A meta \u00e9 tornar o ambiente de neg\u00f3cios mais previs\u00edvel e competitivo, al\u00e9m de aproximar o Brasil de modelos adotados em pa\u00edses da OCDE.<\/span><\/p>\n<h3><b>Linha do tempo: implementa\u00e7\u00e3o gradual<\/b><\/h3>\n<p><span style=\"font-weight: 400;\">A aplica\u00e7\u00e3o da reforma ser\u00e1 progressiva. Entre <\/span><b>2026 e 2032<\/b><span style=\"font-weight: 400;\">, os tributos antigos e os novos conviver\u00e3o em fases de transi\u00e7\u00e3o. Isso significa que o impacto total ser\u00e1 percebido aos poucos \u2014 exigindo das empresas e dos profissionais um planejamento antecipado e uma leitura atenta das mudan\u00e7as legais.<\/span><\/p>\n<h2><b>Os novos tributos: CBS e IBS \u2014 o cerne da mudan\u00e7a<\/b><\/h2>\n<h3><b>O modelo inspirado no IVA<\/b><\/h3>\n<p><span style=\"font-weight: 400;\">A espinha dorsal da reforma est\u00e1 na cria\u00e7\u00e3o de dois novos tributos sobre o consumo: a <\/span><b>Contribui\u00e7\u00e3o sobre Bens e Servi\u00e7os (CBS)<\/b><span style=\"font-weight: 400;\">, de compet\u00eancia federal, que substituir\u00e1 PIS e COFINS; e o <\/span><b>Imposto sobre Bens e Servi\u00e7os (IBS)<\/b><span style=\"font-weight: 400;\">, de compet\u00eancia compartilhada entre estados e munic\u00edpios, que substituir\u00e1 ICMS e ISS.<\/span><\/p>\n<p><span style=\"font-weight: 400;\">Ambos se baseiam no modelo de <\/span><b>Imposto sobre Valor Agregado (IVA)<\/b><span style=\"font-weight: 400;\">, amplamente utilizado em economias desenvolvidas. O objetivo \u00e9 tributar o consumo final e eliminar a cumulatividade \u2014 ou seja, evitar que o mesmo produto seja tributado v\u00e1rias vezes ao longo da cadeia.<\/span><\/p>\n<h3><b>Al\u00edquotas e cr\u00e9ditos<\/b><\/h3>\n<p><span style=\"font-weight: 400;\">As al\u00edquotas ainda est\u00e3o em fase de defini\u00e7\u00e3o, mas a previs\u00e3o \u00e9 de uma taxa uniforme e n\u00e3o cumulativa, com direito ao cr\u00e9dito integral. Na pr\u00e1tica, as empresas poder\u00e3o abater o que j\u00e1 pagaram em etapas anteriores, reduzindo distor\u00e7\u00f5es entre setores. Essa simplifica\u00e7\u00e3o exigir\u00e1, contudo, <\/span><b>sistemas cont\u00e1beis atualizados<\/b><span style=\"font-weight: 400;\"> e uma gest\u00e3o tribut\u00e1ria mais profissionalizada.<\/span><\/p>\n<h2><b>Impactos para empresas: finan\u00e7as, custos e estrutura operacional<\/b><\/h2>\n<h3><b>Altera\u00e7\u00f5es em competitividade e precifica\u00e7\u00e3o<\/b><\/h3>\n<p><span style=\"font-weight: 400;\">Com a tributa\u00e7\u00e3o no destino \u2014 e n\u00e3o mais na origem \u2014, empresas que vendem para outros estados ter\u00e3o de revisar suas pol\u00edticas de pre\u00e7o. A nova l\u00f3gica busca equalizar a carga tribut\u00e1ria entre regi\u00f5es, evitando a chamada \u201cguerra fiscal\u201d. Contudo, neg\u00f3cios com opera\u00e7\u00e3o interestadual precisar\u00e3o revisar contratos, margens e centros de distribui\u00e7\u00e3o.<\/span><\/p>\n<h3><b>Cadeia de suprimentos e contabilidade<\/b><\/h3>\n<p><span style=\"font-weight: 400;\">A reforma tamb\u00e9m afeta a <\/span><b>cadeia log\u00edstica e o fluxo de caixa<\/b><span style=\"font-weight: 400;\">. O recolhimento no destino pode alterar o momento em que os cr\u00e9ditos ser\u00e3o aproveitados, exigindo reprograma\u00e7\u00e3o financeira. Al\u00e9m disso, a contabilidade dever\u00e1 acompanhar as mudan\u00e7as em governan\u00e7a fiscal e compliance, garantindo que as declara\u00e7\u00f5es sigam os novos padr\u00f5es.<\/span><\/p>\n<p><span style=\"font-weight: 400;\">\ud83d\udcd6 Fonte recomendada: <\/span><a href=\"https:\/\/www.contabeis.com.br\/artigos\/73216\/reforma-tributaria-impactos-na-contabilidade-e-gestao-empresarial\/\" target=\"_blank\" rel=\"noopener\"><span style=\"font-weight: 400;\">Cont\u00e1beis \u2013 Impactos da Reforma Tribut\u00e1ria na Gest\u00e3o Empresarial<\/span><\/a><\/p>\n<h2><b>Profissionais liberais: o que muda na pr\u00e1tica<\/b><\/h2>\n<h3><b>Al\u00edquotas reduzidas e cr\u00e9dito por despesa<\/b><\/h3>\n<p><span style=\"font-weight: 400;\">Para os <\/span><b>profissionais liberais<\/b><span style=\"font-weight: 400;\">, a reforma traz um cap\u00edtulo \u00e0 parte. Algumas categorias regulamentadas \u2014 como m\u00e9dicos, advogados, engenheiros e arquitetos \u2014 ter\u00e3o <\/span><b>al\u00edquota reduzida<\/b><span style=\"font-weight: 400;\">, entre 30% e 60% do valor padr\u00e3o, dependendo da atividade.<\/span><\/p>\n<p><span style=\"font-weight: 400;\">Outra novidade \u00e9 a possibilidade de <\/span><b>cr\u00e9dito tribut\u00e1rio<\/b><span style=\"font-weight: 400;\"> sobre insumos e despesas vinculadas \u00e0 atividade profissional. Essa medida visa equilibrar a carga entre os que atuam como pessoa f\u00edsica e os que prestam servi\u00e7os por meio de pessoa jur\u00eddica (PJ). Para advogados, por exemplo, ser\u00e1 poss\u00edvel aproveitar cr\u00e9ditos de gastos com aluguel, tecnologia e estrutura de escrit\u00f3rio, o que reduz o impacto financeiro do novo modelo.<\/span><\/p>\n<p><span style=\"font-weight: 400;\">\ud83d\udcd6 Fonte recomendada: <\/span><a href=\"https:\/\/agenciabrasil.ebc.com.br\/economia\/noticia\/2024-04\/reforma-preve-imposto-reduzido-para-18-profissoes-liberais\" target=\"_blank\" rel=\"noopener\"><span style=\"font-weight: 400;\">Ag\u00eancia Brasil \u2013 Profissionais liberais ter\u00e3o imposto reduzido<\/span><\/a><\/p>\n<h2><b>Desafios, riscos e distor\u00e7\u00f5es esperadas<\/b><\/h2>\n<h3><b>Aumento da carga em determinados setores<\/b><\/h3>\n<p><span style=\"font-weight: 400;\">Nem tudo \u00e9 simplifica\u00e7\u00e3o. Especialistas alertam para poss\u00edveis distor\u00e7\u00f5es transit\u00f3rias, sobretudo durante os primeiros anos de vig\u00eancia. Setores que hoje contam com regimes especiais \u2014 como educa\u00e7\u00e3o e sa\u00fade privada \u2014 podem ver aumento de carga tribut\u00e1ria, a depender da defini\u00e7\u00e3o das al\u00edquotas finais.<\/span><\/p>\n<p><span style=\"font-weight: 400;\">Al\u00e9m disso, a conviv\u00eancia entre tributos antigos e novos tende a gerar duplicidade tempor\u00e1ria de obriga\u00e7\u00f5es acess\u00f3rias, exigindo aten\u00e7\u00e3o redobrada de gestores e contadores.<\/span><\/p>\n<h3><b>Inseguran\u00e7a jur\u00eddica<\/b><\/h3>\n<p><span style=\"font-weight: 400;\">Durante o per\u00edodo de transi\u00e7\u00e3o, haver\u00e1 inevitavelmente <\/span><b>lacunas legais<\/b><span style=\"font-weight: 400;\"> e interpreta\u00e7\u00f5es divergentes. Por isso, \u00e9 fundamental o acompanhamento jur\u00eddico pr\u00f3ximo, evitando autua\u00e7\u00f5es indevidas e planejando estrat\u00e9gias que antecipem cen\u00e1rios de risco.<\/span><\/p>\n<h2><b>Como se preparar: estrat\u00e9gias pr\u00e1ticas para enfrentar a transi\u00e7\u00e3o<\/b><\/h2>\n<h3><b>1. Revis\u00e3o contratual e cl\u00e1usulas de repasse<\/b><\/h3>\n<p><span style=\"font-weight: 400;\">Empresas que atuam com contratos de longo prazo precisam revisar cl\u00e1usulas de repasse de tributos. A falta dessa previs\u00e3o pode gerar preju\u00edzos significativos quando as novas regras entrarem em vigor.<\/span><\/p>\n<p><span style=\"font-weight: 400;\">\ud83d\udd17 Leitura complementar: <\/span><a title=\"Como a Reforma Tribut\u00e1ria Pode Impactar Empresas e Investidores em 2025: O Que Voc\u00ea Precisa Saber Agora\" href=\"https:\/\/malvese.com.br\/index.php\/2025\/04\/29\/como-a-reforma-tributaria-pode-impactar-empresas-e-investidores-em-2025\/\" target=\"_blank\" rel=\"noopener\"><span style=\"font-weight: 400;\">Reforma Tribut\u00e1ria e impactos nos contratos empresariais \u2013 JusBrasil<\/span><\/a><\/p>\n<h3><b>2. Investimento em tecnologia e capacita\u00e7\u00e3o<\/b><\/h3>\n<p><span style=\"font-weight: 400;\">Softwares de gest\u00e3o fiscal, automa\u00e7\u00e3o cont\u00e1bil e consultorias especializadas se tornam aliados estrat\u00e9gicos. A tecnologia permitir\u00e1 acompanhar as mudan\u00e7as legais e emitir notas fiscais compat\u00edveis com o novo sistema.<\/span><\/p>\n<h3><b>3. Planejamento tribut\u00e1rio e simula\u00e7\u00f5es<\/b><\/h3>\n<p><span style=\"font-weight: 400;\">O <\/span><b>planejamento tribut\u00e1rio preventivo<\/b><span style=\"font-weight: 400;\"> ser\u00e1 o diferencial entre quem apenas reage \u00e0s mudan\u00e7as e quem se antecipa. Simula\u00e7\u00f5es de cen\u00e1rios com base em diferentes al\u00edquotas ajudam na precifica\u00e7\u00e3o e na escolha do regime mais vantajoso.<\/span><\/p>\n<p><span style=\"font-weight: 400;\">\ud83d\udca1 Dica do especialista Malvese: veja tamb\u00e9m o artigo <\/span><a href=\"https:\/\/malvese.com.br\/index.php\/blog\/como-o-direito-empresarial-pode-impulsionar-a-inovacao-nas-empresas\/\" target=\"_blank\" rel=\"noopener\"><span style=\"font-weight: 400;\">Como o Direito Empresarial Pode Impulsionar a Inova\u00e7\u00e3o nas Empresas<\/span><\/a><span style=\"font-weight: 400;\"> para entender como uma estrutura jur\u00eddica s\u00f3lida \u00e9 essencial em tempos de mudan\u00e7a.<\/span><\/p>\n<h2><b>Perguntas frequentes sobre a Reforma Tribut\u00e1ria<\/b><\/h2>\n<h3><b>1. Como a Reforma Tribut\u00e1ria impacta empresas de pequeno e m\u00e9dio porte?<\/b><\/h3>\n<p><span style=\"font-weight: 400;\">As PMEs devem revisar contratos e fluxo de caixa, j\u00e1 que a cobran\u00e7a passar\u00e1 a ocorrer no destino. A simplifica\u00e7\u00e3o reduz burocracia, mas exige aten\u00e7\u00e3o \u00e0 nova forma de cr\u00e9dito de impostos.<\/span><\/p>\n<h3><b>2. Profissionais PJ e aut\u00f4nomos ser\u00e3o afetados da mesma forma?<\/b><\/h3>\n<p><span style=\"font-weight: 400;\">N\u00e3o. Profissionais liberais de \u00e1reas regulamentadas ter\u00e3o al\u00edquotas reduzidas e poder\u00e3o gerar cr\u00e9ditos sobre insumos, o que atenua a carga tribut\u00e1ria.<\/span><\/p>\n<h3><b>3. Empresas do Simples Nacional tamb\u00e9m entram na Reforma?<\/b><\/h3>\n<p><span style=\"font-weight: 400;\">Embora o regime do <\/span><b>Simples Nacional<\/b><span style=\"font-weight: 400;\"> permane\u00e7a ativo neste primeiro momento, a <\/span><b>Reforma Tribut\u00e1ria<\/b><span style=\"font-weight: 400;\"> introduz mudan\u00e7as que exigem aten\u00e7\u00e3o. As empresas enquadradas nesse modelo poder\u00e3o gerar <\/span><b>cr\u00e9ditos tribut\u00e1rios parciais<\/b><span style=\"font-weight: 400;\"> ao realizar opera\u00e7\u00f5es com neg\u00f3cios de outros regimes, o que amplia as oportunidades, mas tamb\u00e9m aumenta a complexidade cont\u00e1bil. Ainda que a carga tribut\u00e1ria direta n\u00e3o mude de imediato, ajustes na legisla\u00e7\u00e3o podem ocorrer conforme a implementa\u00e7\u00e3o avan\u00e7a. Por isso, contar com <\/span><b>orienta\u00e7\u00e3o jur\u00eddica especializada<\/b><span style=\"font-weight: 400;\"> ser\u00e1 fundamental para garantir seguran\u00e7a fiscal e evitar inconsist\u00eancias durante a transi\u00e7\u00e3o.<\/span><\/p>\n<h2><b>Conclus\u00e3o: transi\u00e7\u00e3o inteligente exige orienta\u00e7\u00e3o jur\u00eddica estrat\u00e9gica<\/b><\/h2>\n<p><span style=\"font-weight: 400;\">A Reforma Tribut\u00e1ria inaugura uma nova era na gest\u00e3o fiscal brasileira. Embora traga promessas de simplifica\u00e7\u00e3o e transpar\u00eancia, seu sucesso depender\u00e1 da capacidade das empresas e dos profissionais liberais de se adaptarem rapidamente \u2014 com planejamento, tecnologia e suporte jur\u00eddico especializado.<\/span><\/p>\n<p><span style=\"font-weight: 400;\">O <\/span><a href=\"https:\/\/malvese.com.br\/\"><span style=\"font-weight: 400;\">Malvese Advogados Associados<\/span><\/a><span style=\"font-weight: 400;\"> acompanha de perto cada atualiza\u00e7\u00e3o legislativa e oferece assessoria completa em <\/span><b>Direito Empresarial, Tribut\u00e1rio e Patrimonial<\/b><span style=\"font-weight: 400;\">, garantindo que seus clientes atravessem esse per\u00edodo de transi\u00e7\u00e3o com seguran\u00e7a e efici\u00eancia.<\/span><\/p>\n<p><span style=\"font-weight: 400;\">\ud83d\udc49 <\/span><a title=\"Contato\" href=\"https:\/\/malvese.com.br\/index.php\/contato\/\" target=\"_blank\" rel=\"noopener\"><b>Entre em contato conosco<\/b><\/a><span style=\"font-weight: 400;\"> para avaliar os impactos da reforma no seu neg\u00f3cio e estruturar uma estrat\u00e9gia jur\u00eddica personalizada.<\/span><\/p>\n<p><i><span style=\"font-weight: 400;\">Leia tamb\u00e9m:<\/span><\/i><\/p>\n<ul>\n<li style=\"font-weight: 400;\" aria-level=\"1\"><a title=\"Como o Direito Empresarial Pode Impulsionar a Inova\u00e7\u00e3o nas Empresas\" href=\"https:\/\/malvese.com.br\/index.php\/2025\/08\/08\/como-o-direito-empresarial-pode-impulsionar-a-inovacao-nas-empresas-perguntar-ao-chatgpt\/\" target=\"_blank\" rel=\"noopener\"><span style=\"font-weight: 400;\">Como o Direito Empresarial Pode Impulsionar a Inova\u00e7\u00e3o nas Empresas<\/span><\/a><\/li>\n<li style=\"font-weight: 400;\" aria-level=\"1\"><a title=\"Cl\u00e1usulas de N\u00e3o Concorr\u00eancia: Entenda os Limites e Aplica\u00e7\u00f5es no Direito Brasileiro\" href=\"https:\/\/malvese.com.br\/index.php\/2025\/08\/08\/clausulas-de-nao-concorrencia-limites-e-aplicacoes-no-direito-brasileiro\/\" target=\"_blank\" rel=\"noopener\"><span style=\"font-weight: 400;\">Cl\u00e1usulas de N\u00e3o Concorr\u00eancia: Limites e Aplica\u00e7\u00f5es no Direito Brasileiro<\/span><\/a><\/li>\n<\/ul>\n","protected":false},"excerpt":{"rendered":"<p>A Reforma Tribut\u00e1ria brasileira representa uma das maiores transforma\u00e7\u00f5es fiscais das \u00faltimas d\u00e9cadas. Depois de anos de debates, o novo modelo promete simplificar o sistema, reduzir distor\u00e7\u00f5es e modernizar a forma como empresas e profissionais liberais recolhem seus tributos. Mas, na pr\u00e1tica, O Que Muda com a Reforma Tribut\u00e1ria? Quais ser\u00e3o os impactos reais no [&hellip;]<\/p>\n","protected":false},"author":1,"featured_media":4696,"comment_status":"open","ping_status":"open","sticky":false,"template":"","format":"standard","meta":{"om_disable_all_campaigns":false,"_uf_show_specific_survey":0,"_uf_disable_surveys":false,"_joinchat":[],"footnotes":""},"categories":[353],"tags":[325,463,32,59,356,465,464,161,462,58],"class_list":["post-4695","post","type-post","status-publish","format-standard","has-post-thumbnail","hentry","category-direito-tributario-e-empresarial","tag-advocacia-empresarial","tag-contabilidade","tag-direito-empresarial","tag-direito-tributario","tag-empresarios","tag-impostos-no-brasil","tag-legislacao-brasileira","tag-planejamento-tributario","tag-profissionais-liberais","tag-reforma-tributaria"],"aioseo_notices":[],"_links":{"self":[{"href":"https:\/\/malvese.com.br\/index.php\/wp-json\/wp\/v2\/posts\/4695","targetHints":{"allow":["GET"]}}],"collection":[{"href":"https:\/\/malvese.com.br\/index.php\/wp-json\/wp\/v2\/posts"}],"about":[{"href":"https:\/\/malvese.com.br\/index.php\/wp-json\/wp\/v2\/types\/post"}],"author":[{"embeddable":true,"href":"https:\/\/malvese.com.br\/index.php\/wp-json\/wp\/v2\/users\/1"}],"replies":[{"embeddable":true,"href":"https:\/\/malvese.com.br\/index.php\/wp-json\/wp\/v2\/comments?post=4695"}],"version-history":[{"count":1,"href":"https:\/\/malvese.com.br\/index.php\/wp-json\/wp\/v2\/posts\/4695\/revisions"}],"predecessor-version":[{"id":4697,"href":"https:\/\/malvese.com.br\/index.php\/wp-json\/wp\/v2\/posts\/4695\/revisions\/4697"}],"wp:featuredmedia":[{"embeddable":true,"href":"https:\/\/malvese.com.br\/index.php\/wp-json\/wp\/v2\/media\/4696"}],"wp:attachment":[{"href":"https:\/\/malvese.com.br\/index.php\/wp-json\/wp\/v2\/media?parent=4695"}],"wp:term":[{"taxonomy":"category","embeddable":true,"href":"https:\/\/malvese.com.br\/index.php\/wp-json\/wp\/v2\/categories?post=4695"},{"taxonomy":"post_tag","embeddable":true,"href":"https:\/\/malvese.com.br\/index.php\/wp-json\/wp\/v2\/tags?post=4695"}],"curies":[{"name":"wp","href":"https:\/\/api.w.org\/{rel}","templated":true}]}}