{"id":4718,"date":"2025-10-31T15:06:43","date_gmt":"2025-10-31T18:06:43","guid":{"rendered":"https:\/\/malvese.com.br\/?p=4718"},"modified":"2025-11-13T17:27:44","modified_gmt":"2025-11-13T20:27:44","slug":"responsabilidade-de-socios-e-administradores-ate-onde-vai-a-culpa-em-caso-de-dividas","status":"publish","type":"post","link":"https:\/\/malvese.com.br\/index.php\/2025\/10\/31\/responsabilidade-de-socios-e-administradores-ate-onde-vai-a-culpa-em-caso-de-dividas\/","title":{"rendered":"Responsabilidade de S\u00f3cios e Administradores: At\u00e9 Onde Vai a Culpa em Caso de D\u00edvidas?"},"content":{"rendered":"<p><span style=\"font-weight: 400;\">Quando falamos de empresas, patrim\u00f4nio e d\u00edvidas, surge uma pergunta essencial: <\/span><b>at\u00e9 onde vai a responsabilidade pessoal dos s\u00f3cios e administradores?<\/b><span style=\"font-weight: 400;\"> Esse \u00e9 o foco do tema <\/span><i><span style=\"font-weight: 400;\">Responsabilidade de S\u00f3cios e Administradores: at\u00e9 onde vai a culpa em caso de d\u00edvidas?<\/span><\/i><span style=\"font-weight: 400;\"> \u2014 um assunto central no Direito Empresarial e Patrimonial. Neste artigo, o <\/span><a href=\"https:\/\/malvese.com.br\/\" target=\"_blank\" rel=\"noopener\"><span style=\"font-weight: 400;\">Malvese Advogados Associados<\/span><\/a><span style=\"font-weight: 400;\"> explica os limites dessa responsabilidade, os riscos envolvidos e as melhores pr\u00e1ticas de prote\u00e7\u00e3o patrimonial para empres\u00e1rios, gestores e fam\u00edlias de alta renda.<\/span><\/p>\n<h2><b>Fundamentos legais da responsabilidade patrimonial<\/b><\/h2>\n<h3><b>Separa\u00e7\u00e3o patrimonial: regra e exce\u00e7\u00f5es<\/b><\/h3>\n<p><span style=\"font-weight: 400;\">Por regra, a cria\u00e7\u00e3o de uma pessoa jur\u00eddica separa o patrim\u00f4nio da empresa do patrim\u00f4nio pessoal dos s\u00f3cios ou administradores. Essa distin\u00e7\u00e3o garante seguran\u00e7a jur\u00eddica e incentiva o empreendedorismo. Contudo, quando h\u00e1 abuso de direito, confus\u00e3o patrimonial ou desvio de finalidade, essa barreira pode ser rompida, permitindo que credores alcancem bens pessoais.<\/span><\/p>\n<h3><b>A desconsidera\u00e7\u00e3o da personalidade jur\u00eddica (art. 50 do C\u00f3digo Civil)<\/b><\/h3>\n<p><span style=\"font-weight: 400;\">O <\/span><a href=\"https:\/\/www.planalto.gov.br\/ccivil_03\/leis\/2002\/l10406.htm\" target=\"_blank\" rel=\"noopener\"><span style=\"font-weight: 400;\">artigo 50 do C\u00f3digo Civil<\/span><\/a><span style=\"font-weight: 400;\"> estabelece que, em caso de abuso da personalidade jur\u00eddica, o juiz pode desconsiderar a separa\u00e7\u00e3o entre empresa e s\u00f3cios. Esse mecanismo, conhecido como <\/span><i><span style=\"font-weight: 400;\">teoria maior<\/span><\/i><span style=\"font-weight: 400;\">, \u00e9 aplicado com cautela e exige prova concreta de abuso ou fraude.<\/span><\/p>\n<h3><b>O incidente de desconsidera\u00e7\u00e3o no CPC<\/b><\/h3>\n<p><span style=\"font-weight: 400;\">Os <\/span><a href=\"https:\/\/www.planalto.gov.br\/ccivil_03\/_ato2015-2018\/2015\/lei\/l13105.htm\" target=\"_blank\" rel=\"noopener\"><span style=\"font-weight: 400;\">artigos 133 a 137 do C\u00f3digo de Processo Civil<\/span><\/a><span style=\"font-weight: 400;\"> criaram o Incidente de Desconsidera\u00e7\u00e3o da Personalidade Jur\u00eddica (IDPJ), garantindo contradit\u00f3rio e ampla defesa. Ou seja, nenhum s\u00f3cio ou administrador pode ter bens bloqueados sem que haja prova robusta e oportunidade de manifesta\u00e7\u00e3o.<\/span><\/p>\n<h2><b>Quando o patrim\u00f4nio pessoal pode ser atingido<\/b><\/h2>\n<h3><b>Desvio de finalidade e confus\u00e3o patrimonial<\/b><\/h3>\n<p><span style=\"font-weight: 400;\">Essas s\u00e3o as principais causas para desconsiderar a personalidade jur\u00eddica. O uso de bens da empresa para fins pessoais ou o registro de despesas particulares nas contas societ\u00e1rias configuram confus\u00e3o patrimonial. J\u00e1 o desvio de finalidade ocorre quando a empresa \u00e9 usada para fraudar credores ou ocultar patrim\u00f4nio.<\/span><\/p>\n<h3><b>Teoria menor nas rela\u00e7\u00f5es de consumo<\/b><\/h3>\n<p><span style=\"font-weight: 400;\">Em casos envolvendo consumidores, aplica-se a <\/span><b>teoria menor<\/b><span style=\"font-weight: 400;\"> prevista no art. 28 do C\u00f3digo de Defesa do Consumidor. Nessa hip\u00f3tese, basta demonstrar que a pessoa jur\u00eddica \u00e9 um obst\u00e1culo ao ressarcimento do consumidor, sem necessidade de provar desvio de finalidade.<\/span><\/p>\n<h3><b>Dissolu\u00e7\u00e3o irregular e redirecionamento<\/b><\/h3>\n<p><span style=\"font-weight: 400;\">O <\/span><a href=\"https:\/\/www.stj.jus.br\/sites\/portalp\/paginas\/comunicacao\/noticias\/2024\/17092024-Existencia-de-grupo-economico-nao-basta-para-desconsideracao-da-personalidade-juridica-e-extensao-da-falencia.aspx\" target=\"_blank\" rel=\"noopener\"><span style=\"font-weight: 400;\">STJ entende<\/span><\/a><span style=\"font-weight: 400;\"> que o encerramento irregular da empresa, sem quita\u00e7\u00e3o de d\u00e9bitos e baixa regular, pode ensejar responsabiliza\u00e7\u00e3o direta dos s\u00f3cios e administradores, especialmente quando h\u00e1 ind\u00edcios de fraude.<\/span><\/p>\n<h2><b>Natureza da d\u00edvida importa: c\u00edvel, tribut\u00e1ria e trabalhista<\/b><\/h2>\n<h3><b>D\u00edvidas c\u00edveis e contratuais<\/b><\/h3>\n<p><span style=\"font-weight: 400;\">Em contratos civis e empresariais, a desconsidera\u00e7\u00e3o s\u00f3 ocorre mediante prova de abuso, fraude ou confus\u00e3o patrimonial. A mera inadimpl\u00eancia n\u00e3o autoriza atingir bens pessoais dos s\u00f3cios.<\/span><\/p>\n<h3><b>D\u00edvidas tribut\u00e1rias<\/b><\/h3>\n<p><span style=\"font-weight: 400;\">O <\/span><a href=\"https:\/\/www.planalto.gov.br\/ccivil_03\/decreto-lei\/del0465.htm\" target=\"_blank\" rel=\"noopener\"><span style=\"font-weight: 400;\">art. 135 do C\u00f3digo Tribut\u00e1rio Nacional<\/span><\/a><span style=\"font-weight: 400;\"> estabelece que administradores respondem pessoalmente por atos com excesso de poder ou infra\u00e7\u00e3o \u00e0 lei. Em outras palavras, se a d\u00edvida decorre de m\u00e1-f\u00e9 ou omiss\u00e3o grave, o gestor pode ser responsabilizado individualmente.<\/span><\/p>\n<h3><b>D\u00edvidas trabalhistas<\/b><\/h3>\n<p><span style=\"font-weight: 400;\">Na esfera trabalhista, os tribunais aplicam, em certos casos, a teoria menor. Quando h\u00e1 encerramento irregular ou fraude comprovada, o patrim\u00f4nio pessoal pode responder pelas obriga\u00e7\u00f5es salariais.<\/span><\/p>\n<h2><b>Responsabilidade de administradores: deveres, culpa e dolo<\/b><\/h2>\n<h3><b>Deveres legais e dilig\u00eancia<\/b><\/h3>\n<p><span style=\"font-weight: 400;\">A <\/span><a href=\"https:\/\/www.planalto.gov.br\/ccivil_03\/leis\/l6404consol.htm\" target=\"_blank\" rel=\"noopener\"><span style=\"font-weight: 400;\">Lei das S.A. (Lei 6.404\/76)<\/span><\/a><span style=\"font-weight: 400;\"> imp\u00f5e aos administradores deveres de lealdade, dilig\u00eancia e observ\u00e2ncia ao interesse social. O descumprimento desses deveres pode gerar responsabilidade solid\u00e1ria e atingir bens pessoais.<\/span><\/p>\n<h3><b>Responsabilidade solid\u00e1ria e coniv\u00eancia<\/b><\/h3>\n<p><span style=\"font-weight: 400;\">Quando h\u00e1 coniv\u00eancia ou dolo entre administradores e s\u00f3cios, ambos podem responder solidariamente. A aus\u00eancia de documenta\u00e7\u00e3o ou de boas pr\u00e1ticas de governan\u00e7a facilita a responsabiliza\u00e7\u00e3o.<\/span><\/p>\n<h3><b>Documenta\u00e7\u00e3o e governan\u00e7a<\/b><\/h3>\n<p><span style=\"font-weight: 400;\">Atas de reuni\u00f5es, registros cont\u00e1beis e relat\u00f3rios de auditoria s\u00e3o provas de boa gest\u00e3o. A governan\u00e7a empresarial serve como escudo jur\u00eddico contra alega\u00e7\u00f5es de abuso ou neglig\u00eancia.<\/span><\/p>\n<h2><b>Blindagem l\u00edcita e preven\u00e7\u00e3o a abusos de gest\u00e3o<\/b><\/h2>\n<h3><b>Separa\u00e7\u00e3o patrimonial real<\/b><\/h3>\n<p><span style=\"font-weight: 400;\">A separa\u00e7\u00e3o patrimonial \u00e9 a base de uma blindagem societ\u00e1ria eficaz. Manter contas banc\u00e1rias distintas, registrar contratos de forma correta e evitar o uso de bens da empresa para fins pessoais s\u00e3o pr\u00e1ticas indispens\u00e1veis. A contabilidade deve refletir com clareza a movimenta\u00e7\u00e3o financeira de cada esfera \u2014 empresarial e individual \u2014 evitando qualquer ind\u00edcio de confus\u00e3o patrimonial. Al\u00e9m disso, recomenda-se que os s\u00f3cios formalizem retiradas por meio de pr\u00f3-labore e distribui\u00e7\u00e3o de lucros devidamente registrados. Essa disciplina financeira refor\u00e7a a legitimidade da personalidade jur\u00eddica e protege o patrim\u00f4nio pessoal contra responsabiliza\u00e7\u00f5es indevidas.<\/span><\/p>\n<h3><b>Compliance e acordos de s\u00f3cios<\/b><\/h3>\n<p><span style=\"font-weight: 400;\">Pol\u00edticas internas de compliance, manuais de conduta e acordos de s\u00f3cios bem redigidos evitam conflitos e fortalecem a governan\u00e7a corporativa. Empresas familiares e grupos de investimento devem adotar esses mecanismos preventivos.<\/span><\/p>\n<h3><b>Seguro D&amp;O<\/b><\/h3>\n<p><span style=\"font-weight: 400;\">O seguro D&amp;O (Directors and Officers) protege administradores contra riscos decorrentes de atos de gest\u00e3o. Ele cobre custos de defesa e indeniza\u00e7\u00f5es, mas n\u00e3o cobre dolo nem fraude. Serve como camada adicional de prote\u00e7\u00e3o patrimonial.<\/span><\/p>\n<h3><b>Evite a \u201cteoria menor\u201d em rela\u00e7\u00f5es B2C<\/b><\/h3>\n<p><span style=\"font-weight: 400;\">Empresas que lidam diretamente com o consumidor devem investir em transpar\u00eancia e atendimento humanizado. Isso reduz a chance de o Judici\u00e1rio aplicar a teoria menor para atingir bens pessoais de s\u00f3cios.<\/span><\/p>\n<h2><b>O que fazer diante de cobran\u00e7as e pedidos de desconsidera\u00e7\u00e3o<\/b><\/h2>\n<h3><b>Como responder ao IDPJ<\/b><\/h3>\n<p><span style=\"font-weight: 400;\">Ao receber um pedido de desconsidera\u00e7\u00e3o, \u00e9 fundamental apresentar defesa bem fundamentada, com provas de que h\u00e1 separa\u00e7\u00e3o patrimonial e aus\u00eancia de confus\u00e3o entre bens. O uso de documentos cont\u00e1beis e pareceres jur\u00eddicos \u00e9 determinante.<\/span><\/p>\n<h3><b>Jurisprud\u00eancia recente do STJ<\/b><\/h3>\n<ul>\n<li style=\"font-weight: 400;\" aria-level=\"1\"><b>REsp 2.072.206\/SP (24\/04\/2025)<\/b><span style=\"font-weight: 400;\"> \u2014 A Corte Especial do STJ confirmou que \u00e9 cab\u00edvel honor\u00e1rios de sucumb\u00eancia mesmo quando o IDPJ \u00e9 rejeitado, refor\u00e7ando a necessidade de fundamenta\u00e7\u00e3o s\u00f3lida no pedido. (<\/span><a href=\"https:\/\/www.stj.jus.br\/sites\/portalp\/Paginas\/Comunicacao\/Noticias\/2025\/24042025-Corte-Especial-admite-fixacao-de-honorarios-em-rejeicao-de-pedido-de-desconsideracao-de-personalidade-juridica-.aspx\" target=\"_blank\" rel=\"noopener\"><span style=\"font-weight: 400;\">Fonte: STJ<\/span><\/a><span style=\"font-weight: 400;\">)<\/span><\/li>\n<li style=\"font-weight: 400;\" aria-level=\"1\"><b>REsp correlato (17\/09\/2024)<\/b><span style=\"font-weight: 400;\"> \u2014 O STJ reafirmou que a mera exist\u00eancia de grupo econ\u00f4mico n\u00e3o autoriza, por si s\u00f3, a desconsidera\u00e7\u00e3o da personalidade jur\u00eddica. (<\/span><a href=\"https:\/\/www.stj.jus.br\/sites\/portalp\/Paginas\/Comunicacao\/Noticias\/2024\/17092024-Existencia-de-grupo-economico-nao-basta-para-desconsideracao-da-personalidade-juridica-e-extensao-da-falencia.aspx\" target=\"_blank\" rel=\"noopener\"><span style=\"font-weight: 400;\">Fonte: STJ<\/span><\/a><span style=\"font-weight: 400;\">)<\/span><\/li>\n<li style=\"font-weight: 400;\" aria-level=\"1\"><b>Terceira Turma do STJ (19\/08\/2024)<\/b><span style=\"font-weight: 400;\"> \u2014 Indeferido o pedido de desconsidera\u00e7\u00e3o e transitado em julgado, h\u00e1 preclus\u00e3o, vedando nova tentativa id\u00eantica. (<\/span><a href=\"https:\/\/www.stj.jus.br\/sites\/portalp\/Paginas\/Comunicacao\/Noticias\/2024\/19082024-IDPJ-preclusao.aspx\" target=\"_blank\" rel=\"noopener\"><span style=\"font-weight: 400;\">Fonte: STJ<\/span><\/a><span style=\"font-weight: 400;\">)<\/span><\/li>\n<\/ul>\n<h3><b>Execu\u00e7\u00f5es fiscais e estrat\u00e9gias defensivas<\/b><\/h3>\n<p><span style=\"font-weight: 400;\">Em execu\u00e7\u00f5es fiscais, o redirecionamento da cobran\u00e7a ao s\u00f3cio ou administrador deve ser analisado com cautela. \u00c9 poss\u00edvel contest\u00e1-lo judicialmente, demonstrando que n\u00e3o houve excesso de poder, fraude ou infra\u00e7\u00e3o \u00e0 lei tribut\u00e1ria. Documentos cont\u00e1beis, atas de reuni\u00e3o e registros de gest\u00e3o s\u00e3o provas essenciais para comprovar a separa\u00e7\u00e3o patrimonial e a boa-f\u00e9 na administra\u00e7\u00e3o. O acompanhamento preventivo de um advogado especializado permite identificar falhas processuais e garantir uma defesa t\u00e9cnica eficaz, evitando bloqueios indevidos de bens e assegurando o respeito aos limites legais da responsabilidade societ\u00e1ria.<\/span><\/p>\n<h3><b>Reorganiza\u00e7\u00e3o patrimonial segura<\/b><\/h3>\n<p><span style=\"font-weight: 400;\">A reorganiza\u00e7\u00e3o patrimonial \u00e9 medida essencial para prevenir responsabiliza\u00e7\u00f5es futuras e proteger o patrim\u00f4nio pessoal dos s\u00f3cios. Envolve revisar contratos sociais, formalizar decis\u00f5es em atas e implementar pr\u00e1ticas de compliance e governan\u00e7a corporativa. Tais medidas fortalecem a transpar\u00eancia, reduzem riscos e demonstram dilig\u00eancia na condu\u00e7\u00e3o dos neg\u00f3cios. Al\u00e9m disso, a consultoria jur\u00eddica preventiva orienta sobre blindagens legais \u00e9ticas e eficazes, alinhadas \u00e0 legisla\u00e7\u00e3o vigente. A <\/span><a href=\"https:\/\/malvese.com.br\/index.php\/blog\/\" target=\"_blank\" rel=\"noopener\"><span style=\"font-weight: 400;\">Malvese Advogados Associados<\/span><\/a><span style=\"font-weight: 400;\"> atua justamente nesse cen\u00e1rio, auxiliando empresas e fam\u00edlias empres\u00e1rias na constru\u00e7\u00e3o de estruturas patrimoniais s\u00f3lidas e juridicamente seguras.<\/span><\/p>\n<h2><b>Conclus\u00e3o<\/b><\/h2>\n<p><span style=\"font-weight: 400;\">A responsabilidade de s\u00f3cios e administradores \u2014 e at\u00e9 onde vai a culpa em caso de d\u00edvidas \u2014 \u00e9 um tema que exige equil\u00edbrio entre prote\u00e7\u00e3o patrimonial e boa gest\u00e3o. A separa\u00e7\u00e3o entre o patrim\u00f4nio pessoal e o empresarial \u00e9 um direito, mas tamb\u00e9m um dever de dilig\u00eancia. A boa governan\u00e7a, o compliance e a transpar\u00eancia s\u00e3o as melhores garantias de que sua blindagem jur\u00eddica ser\u00e1 respeitada.<\/span><\/p>\n<p><span style=\"font-weight: 400;\">Se voc\u00ea \u00e9 empres\u00e1rio, administrador ou investidor e busca orienta\u00e7\u00e3o segura sobre como proteger seu patrim\u00f4nio de riscos jur\u00eddicos, entre em contato com o <\/span><a title=\"Contato\" href=\"https:\/\/malvese.com.br\/index.php\/contato\/\" target=\"_blank\" rel=\"noopener\"><span style=\"font-weight: 400;\">Malvese Advogados Associados<\/span><\/a><span style=\"font-weight: 400;\">. Nossa equipe \u00e9 especializada em Direito Empresarial e Patrimonial, oferecendo solu\u00e7\u00f5es personalizadas e estrat\u00e9gicas para preservar o seu legado.<\/span><\/p>\n","protected":false},"excerpt":{"rendered":"<p>Quando falamos de empresas, patrim\u00f4nio e d\u00edvidas, surge uma pergunta essencial: at\u00e9 onde vai a responsabilidade pessoal dos s\u00f3cios e administradores? Esse \u00e9 o foco do tema Responsabilidade de S\u00f3cios e Administradores: at\u00e9 onde vai a culpa em caso de d\u00edvidas? \u2014 um assunto central no Direito Empresarial e Patrimonial. Neste artigo, o Malvese Advogados [&hellip;]<\/p>\n","protected":false},"author":1,"featured_media":4740,"comment_status":"open","ping_status":"open","sticky":false,"template":"","format":"standard","meta":{"om_disable_all_campaigns":false,"_uf_show_specific_survey":0,"_uf_disable_surveys":false,"_joinchat":[],"footnotes":""},"categories":[66],"tags":[468,215,72,469,103],"class_list":["post-4718","post","type-post","status-publish","format-standard","has-post-thumbnail","hentry","category-direito-empresarial-e-patrimonial","tag-assessoria-juridica-empresarial","tag-direito-societario","tag-holding-familiar","tag-inventario-e-sucessoes","tag-planejamento-patrimonial"],"aioseo_notices":[],"_links":{"self":[{"href":"https:\/\/malvese.com.br\/index.php\/wp-json\/wp\/v2\/posts\/4718","targetHints":{"allow":["GET"]}}],"collection":[{"href":"https:\/\/malvese.com.br\/index.php\/wp-json\/wp\/v2\/posts"}],"about":[{"href":"https:\/\/malvese.com.br\/index.php\/wp-json\/wp\/v2\/types\/post"}],"author":[{"embeddable":true,"href":"https:\/\/malvese.com.br\/index.php\/wp-json\/wp\/v2\/users\/1"}],"replies":[{"embeddable":true,"href":"https:\/\/malvese.com.br\/index.php\/wp-json\/wp\/v2\/comments?post=4718"}],"version-history":[{"count":2,"href":"https:\/\/malvese.com.br\/index.php\/wp-json\/wp\/v2\/posts\/4718\/revisions"}],"predecessor-version":[{"id":4739,"href":"https:\/\/malvese.com.br\/index.php\/wp-json\/wp\/v2\/posts\/4718\/revisions\/4739"}],"wp:featuredmedia":[{"embeddable":true,"href":"https:\/\/malvese.com.br\/index.php\/wp-json\/wp\/v2\/media\/4740"}],"wp:attachment":[{"href":"https:\/\/malvese.com.br\/index.php\/wp-json\/wp\/v2\/media?parent=4718"}],"wp:term":[{"taxonomy":"category","embeddable":true,"href":"https:\/\/malvese.com.br\/index.php\/wp-json\/wp\/v2\/categories?post=4718"},{"taxonomy":"post_tag","embeddable":true,"href":"https:\/\/malvese.com.br\/index.php\/wp-json\/wp\/v2\/tags?post=4718"}],"curies":[{"name":"wp","href":"https:\/\/api.w.org\/{rel}","templated":true}]}}