{"id":4756,"date":"2025-11-14T15:46:30","date_gmt":"2025-11-14T18:46:30","guid":{"rendered":"https:\/\/malvese.com.br\/?p=4756"},"modified":"2025-11-19T17:11:34","modified_gmt":"2025-11-19T20:11:34","slug":"reforma-tributaria-e-investimentos-em-imoveis-comerciais-o-que-muda-para-proprietarios-e-locatarios","status":"publish","type":"post","link":"https:\/\/malvese.com.br\/index.php\/2025\/11\/14\/reforma-tributaria-e-investimentos-em-imoveis-comerciais-o-que-muda-para-proprietarios-e-locatarios\/","title":{"rendered":"Reforma Tribut\u00e1ria e Investimentos em Im\u00f3veis Comerciais: O que Muda para Propriet\u00e1rios e Locat\u00e1rios"},"content":{"rendered":"<p><span style=\"font-weight: 400;\">A <\/span><b>Reforma Tribut\u00e1ria e Investimentos em Im\u00f3veis Comerciais: O que Muda para Propriet\u00e1rios e Locat\u00e1rios<\/b><span style=\"font-weight: 400;\"> entrou no radar de empresas, fam\u00edlias de alta renda e investidores patrimoniais porque altera a l\u00f3gica de incid\u00eancia e de cr\u00e9dito tribut\u00e1rio sobre opera\u00e7\u00f5es de loca\u00e7\u00e3o, compra e venda, retrofit e benfeitorias. A transi\u00e7\u00e3o para o <\/span><b>IVA dual (CBS + IBS)<\/b><span style=\"font-weight: 400;\">, institu\u00eddo pela EC 132\/2023, redesenha pre\u00e7os, repasses, reajustes e, sobretudo, o <\/span><b>fluxo de caixa<\/b><span style=\"font-weight: 400;\"> de contratos imobili\u00e1rios.<\/span><\/p>\n<p><span style=\"font-weight: 400;\">Neste guia, explicamos o que efetivamente muda, como refletir essas altera\u00e7\u00f5es em contratos e como preservar rentabilidade (para propriet\u00e1rios) e previsibilidade de custo de ocupa\u00e7\u00e3o (para locat\u00e1rios). Ao final, voc\u00ea encontra um checklist pr\u00e1tico e um convite para falar com a equipe do <\/span><b>Malvese Advogados Associados<\/b><span style=\"font-weight: 400;\">.<\/span><\/p>\n<h2><b>O que muda com o IVA (CBS + IBS) para o mercado de loca\u00e7\u00e3o comercial<\/b><\/h2>\n<p><span style=\"font-weight: 400;\">Com a EC 132\/2023, o Brasil migra gradualmente do mosaico de PIS\/Cofins\/ICMS\/ISS para um <\/span><i><span style=\"font-weight: 400;\">IVA dual<\/span><\/i><span style=\"font-weight: 400;\"> \u2014 a <\/span><b>CBS<\/b><span style=\"font-weight: 400;\"> (federal) e o <\/span><b>IBS<\/b><span style=\"font-weight: 400;\"> (estadual\/municipal). O objetivo \u00e9 reduzir cumulatividade e simplificar o sistema, mas o efeito colateral \u00e9 a necessidade de <\/span><b>revisar contratos<\/b><span style=\"font-weight: 400;\"> e <\/span><b>modelagens financeiras<\/b><span style=\"font-weight: 400;\"> de im\u00f3veis comerciais.<\/span><\/p>\n<h3><b>Linha do tempo da transi\u00e7\u00e3o<\/b><\/h3>\n<p><span style=\"font-weight: 400;\">A transi\u00e7\u00e3o \u00e9 faseada e conviver\u00e1 com regras atuais e novas por alguns anos, exigindo <\/span><b>planejamento tribut\u00e1rio e contratual<\/b><span style=\"font-weight: 400;\">. Isso impacta reajustes intermedi\u00e1rios, repasses e a mensura\u00e7\u00e3o do <\/span><i><span style=\"font-weight: 400;\">NOI<\/span><\/i><span style=\"font-weight: 400;\"> (Net Operating Income).<\/span><\/p>\n<h3><b>Por que isso importa<\/b><\/h3>\n<p><span style=\"font-weight: 400;\">A Reforma mexe na <\/span><b>forma\u00e7\u00e3o do pre\u00e7o<\/b><span style=\"font-weight: 400;\"> e no <\/span><b>custo total de ocupa\u00e7\u00e3o (TCO)<\/b><span style=\"font-weight: 400;\">. Dependendo do enquadramento do locador e do desenho contratual, pode haver incid\u00eancia do IVA \u2014 que precisa ser tratada expressamente nas cl\u00e1usulas para evitar <\/span><b>desequil\u00edbrios<\/b><span style=\"font-weight: 400;\"> e lit\u00edgios.<\/span><\/p>\n<h3><b>Quem \u00e9 contribuinte do IVA<\/b><\/h3>\n<p><span style=\"font-weight: 400;\">Em linhas gerais, haver\u00e1 incid\u00eancia quando a <\/span><b>loca\u00e7\u00e3o for atividade econ\u00f4mica<\/b><span style=\"font-weight: 400;\">, considerando habitualidade, volume e profissionaliza\u00e7\u00e3o. \u00c9 o caso t\u00edpico de pessoas jur\u00eddicas patrimoniais ou de pessoas f\u00edsicas com <\/span><i><span style=\"font-weight: 400;\">portfolio<\/span><\/i><span style=\"font-weight: 400;\"> relevante e gest\u00e3o ativa. A defini\u00e7\u00e3o exata depende da regulamenta\u00e7\u00e3o e da an\u00e1lise de cada caso.<\/span><\/p>\n<h2><b>Loca\u00e7\u00e3o comercial: quando h\u00e1 tributa\u00e7\u00e3o e quando n\u00e3o h\u00e1<\/b><\/h2>\n<p><span style=\"font-weight: 400;\">O ponto sens\u00edvel \u00e9 distinguir loca\u00e7\u00f5es eventuais de loca\u00e7\u00f5es exercidas como <\/span><b>atividade empresarial<\/b><span style=\"font-weight: 400;\">. Essa fronteira orienta se haver\u00e1 (ou n\u00e3o) incid\u00eancia do IVA e como a al\u00edquota se comporta.<\/span><\/p>\n<h3><b>Pessoa f\u00edsica x pessoa jur\u00eddica<\/b><\/h3>\n<p><span style=\"font-weight: 400;\">Loca\u00e7\u00f5es <\/span><b>eventuais<\/b><span style=\"font-weight: 400;\"> de pessoa f\u00edsica tendem a permanecer fora do IVA. J\u00e1 pessoas jur\u00eddicas patrimoniais \u2014 ou pessoas f\u00edsicas com atividade caracterizada \u2014 podem ser consideradas <\/span><b>contribuintes<\/b><span style=\"font-weight: 400;\">, atraindo incid\u00eancia. Isso muda o pre\u00e7o final, a estrat\u00e9gia de repasse e a apura\u00e7\u00e3o de <\/span><b>cr\u00e9ditos<\/b><span style=\"font-weight: 400;\"> pelo locat\u00e1rio.<\/span><\/p>\n<h3><b>Habitualidade e profissionaliza\u00e7\u00e3o<\/b><\/h3>\n<p><span style=\"font-weight: 400;\">Fatores como n\u00famero de im\u00f3veis, <\/span><i><span style=\"font-weight: 400;\">mix<\/span><\/i><span style=\"font-weight: 400;\"> de receitas, gest\u00e3o ativa e estrutura administrativa pesam na caracteriza\u00e7\u00e3o. Quanto maior a profissionaliza\u00e7\u00e3o, maior a chance de incid\u00eancia e de necessidade de <\/span><b>compliance<\/b><span style=\"font-weight: 400;\"> fiscal.<\/span><\/p>\n<h3><b>Al\u00edquota reduzida\/setorial<\/b><\/h3>\n<p><span style=\"font-weight: 400;\">Algumas atividades recebem tratamento favorecido. A loca\u00e7\u00e3o comercial figura entre os candidatos a <\/span><b>al\u00edquotas reduzidas<\/b><span style=\"font-weight: 400;\"> em determinadas hip\u00f3teses, o que pode aliviar o impacto. Ainda assim, \u00e9 prudente <\/span><b>modelar cen\u00e1rios<\/b><span style=\"font-weight: 400;\"> com e sem repasse para evitar surpresas.<\/span><\/p>\n<h2><b>Compra, venda, retrofit e benfeitorias: impactos no CAPEX e no valuation<\/b><\/h2>\n<p><span style=\"font-weight: 400;\">A Reforma tamb\u00e9m afeta <\/span><b>opera\u00e7\u00f5es de aquisi\u00e7\u00e3o<\/b><span style=\"font-weight: 400;\">, <\/span><b>retrofit<\/b><span style=\"font-weight: 400;\"> e <\/span><b>benfeitorias<\/b><span style=\"font-weight: 400;\">. O novo desenho de cr\u00e9ditos pode reduzir o <\/span><b>custo fiscal do CAPEX<\/b><span style=\"font-weight: 400;\">, alterando valuation e cronogramas de obra.<\/span><\/p>\n<h3><b>Cr\u00e9ditos de IVA em obras e benfeitorias<\/b><\/h3>\n<p><span style=\"font-weight: 400;\">O princ\u00edpio do <\/span><b>cr\u00e9dito amplo<\/b><span style=\"font-weight: 400;\"> permite, em tese, a recupera\u00e7\u00e3o de parte do imposto embutido em insumos, servi\u00e7os e empreitadas, desde que atendidos os requisitos legais. Para investidores e <\/span><i><span style=\"font-weight: 400;\">corporates<\/span><\/i><span style=\"font-weight: 400;\">, isso <\/span><b>melhora o retorno<\/b><span style=\"font-weight: 400;\"> do projeto de m\u00e9dio e longo prazo.<\/span><\/p>\n<h3><b>ITBI e outras incid\u00eancias<\/b><\/h3>\n<p><span style=\"font-weight: 400;\">O <\/span><b>ITBI<\/b><span style=\"font-weight: 400;\"> segue municipal e n\u00e3o foi absorvido pelo IVA. Permanece devido nas transmiss\u00f5es onerosas de im\u00f3veis. Em opera\u00e7\u00f5es espec\u00edficas (como integraliza\u00e7\u00f5es e reorganiza\u00e7\u00f5es), \u00e9 essencial validar a abrang\u00eancia de imunidades e hip\u00f3teses de incid\u00eancia.<\/span><\/p>\n<h3><b>Estrutura\u00e7\u00e3o via SPE, FII e <\/b><b><i>sale &amp; leaseback<\/i><\/b><\/h3>\n<p><span style=\"font-weight: 400;\">Estruturas como <\/span><b>SPE<\/b><span style=\"font-weight: 400;\">, <\/span><b>FII<\/b><span style=\"font-weight: 400;\"> e <\/span><i><span style=\"font-weight: 400;\">sale &amp; leaseback<\/span><\/i><span style=\"font-weight: 400;\"> continuam v\u00e1lidas, mas pedem <\/span><b>releitura<\/b><span style=\"font-weight: 400;\"> sob o IVA: cadeia de cr\u00e9ditos, al\u00edquotas efetivas e responsabilidades acess\u00f3rias devem entrar no <\/span><i><span style=\"font-weight: 400;\">model<\/span><\/i><span style=\"font-weight: 400;\"> antes da decis\u00e3o de investimento.<\/span><\/p>\n<h2><b>Contratos de loca\u00e7\u00e3o: cl\u00e1usulas para mitigar riscos<\/b><\/h2>\n<p><span style=\"font-weight: 400;\">Sem cl\u00e1usulas claras, a Reforma pode transformar contratos previs\u00edveis em fontes de incerteza. Tr\u00eas grupos de cl\u00e1usulas s\u00e3o priorit\u00e1rios.<\/span><\/p>\n<h3><b>Repasse tribut\u00e1rio (gross-up)<\/b><\/h3>\n<p><span style=\"font-weight: 400;\">Defina <\/span><b>se<\/b><span style=\"font-weight: 400;\"> e <\/span><b>como<\/b><span style=\"font-weight: 400;\"> o IVA ser\u00e1 repassado ao locat\u00e1rio, o <\/span><b>momento<\/b><span style=\"font-weight: 400;\"> do repasse, a <\/span><b>base de c\u00e1lculo<\/b><span style=\"font-weight: 400;\">, os <\/span><b>documentos<\/b><span style=\"font-weight: 400;\"> comprobat\u00f3rios e as hip\u00f3teses de <\/span><b>isen\u00e7\u00e3o\/redu\u00e7\u00e3o<\/b><span style=\"font-weight: 400;\">. A aus\u00eancia dessa cl\u00e1usula pode corroer o NOI do propriet\u00e1rio.<\/span><\/p>\n<h3><b>Reajuste e \u00edndices<\/b><\/h3>\n<p><span style=\"font-weight: 400;\">Mantenha o \u00edndice (ex.: <\/span><b>IPCA<\/b><span style=\"font-weight: 400;\">) e explicite que o reajuste <\/span><b>n\u00e3o<\/b><span style=\"font-weight: 400;\"> cobre varia\u00e7\u00f5es tribut\u00e1rias. Isso evita <\/span><b>dupla onera\u00e7\u00e3o<\/b><span style=\"font-weight: 400;\"> (infla\u00e7\u00e3o + tributo) e d\u00e1 previsibilidade ao locat\u00e1rio.<\/span><\/p>\n<h3><b>Reequil\u00edbrio econ\u00f4mico (<\/b><b><i>hardship<\/i><\/b><b> fiscal)<\/b><\/h3>\n<p><span style=\"font-weight: 400;\">Inclua gatilho para renegocia\u00e7\u00e3o em caso de <\/span><b>mudan\u00e7a legislativa relevante<\/b><span style=\"font-weight: 400;\"> \u2014 como a implementa\u00e7\u00e3o pr\u00e1tica do IVA \u2014 com prazos, crit\u00e9rios e <\/span><b>m\u00e9todo de c\u00e1lculo<\/b><span style=\"font-weight: 400;\"> para recompor o equil\u00edbrio.<\/span><\/p>\n<h3><b>Obriga\u00e7\u00f5es acess\u00f3rias e compliance<\/b><\/h3>\n<p><span style=\"font-weight: 400;\">Especifique quem emite, guarda e transmite documentos fiscais; como se dar\u00e1 o <\/span><b>compartilhamento de informa\u00e7\u00f5es<\/b><span style=\"font-weight: 400;\">; e quais <\/span><b>padr\u00f5es cont\u00e1beis<\/b><span style=\"font-weight: 400;\"> ser\u00e3o observados. Esse tema se conecta \u00e0 governan\u00e7a e reduz o risco de autua\u00e7\u00f5es.<\/span><\/p>\n<p><span style=\"font-weight: 400;\">Leituras complementares no blog do cliente:<\/span><\/p>\n<ul>\n<li style=\"font-weight: 400;\" aria-level=\"1\"><a href=\"https:\/\/malvese.com.br\/index.php\/blog\/um-guia-pratico-sobre-a-locacao-de-imoveis\/\" target=\"_blank\" rel=\"noopener\"><span style=\"font-weight: 400;\">Um guia pr\u00e1tico sobre a loca\u00e7\u00e3o de im\u00f3veis<\/span><\/a><\/li>\n<li style=\"font-weight: 400;\" aria-level=\"1\"><a href=\"https:\/\/malvese.com.br\/index.php\/blog\/como-funciona-a-clausula-de-reajuste-em-contratos\/\" target=\"_blank\" rel=\"noopener\"><span style=\"font-weight: 400;\">Como funciona a cl\u00e1usula de reajuste em contratos<\/span><\/a><\/li>\n<\/ul>\n<h2><b>Fluxo de caixa, cap rate e TCO: como modelar ap\u00f3s a Reforma<\/b><\/h2>\n<p><span style=\"font-weight: 400;\">Para propriet\u00e1rios, o impacto recai sobre o <\/span><b>NOI<\/b><span style=\"font-weight: 400;\">, o <\/span><b>cap rate<\/b><span style=\"font-weight: 400;\"> e, em \u00faltima inst\u00e2ncia, o <\/span><b>valuation<\/b><span style=\"font-weight: 400;\">. Para locat\u00e1rios, a quest\u00e3o central \u00e9 o <\/span><b>TCO<\/b><span style=\"font-weight: 400;\"> (custo total de ocupa\u00e7\u00e3o). Ambos precisam de <\/span><b>cen\u00e1rios comparativos<\/b><span style=\"font-weight: 400;\">.<\/span><\/p>\n<h3><b>Exemplo num\u00e9rico simples<\/b><\/h3>\n<p><span style=\"font-weight: 400;\">Aluguel: R$ 12.000\/m\u00eas. Suponha incid\u00eancia efetiva de 8%.<\/span><\/p>\n<ul>\n<li style=\"font-weight: 400;\" aria-level=\"1\"><b>Sem repasse contratual:<\/b><span style=\"font-weight: 400;\"> o propriet\u00e1rio recolhe R$ 960 e <\/span><i><span style=\"font-weight: 400;\">neta<\/span><\/i><span style=\"font-weight: 400;\"> R$ 11.040\/m\u00eas (queda de R$ 11.520\/ano).<\/span><\/li>\n<li style=\"font-weight: 400;\" aria-level=\"1\"><b>Com repasse (gross-up):<\/b><span style=\"font-weight: 400;\"> o locat\u00e1rio paga R$ 12.960\/m\u00eas, preservando o NOI do propriet\u00e1rio.<\/span><\/li>\n<\/ul>\n<p><span style=\"font-weight: 400;\">O n\u00famero \u00e9 ilustrativo, mas evidencia como a reda\u00e7\u00e3o contratual altera o fluxo de caixa.<\/span><\/p>\n<h3><b>An\u00e1lise de sensibilidade do NOI<\/b><\/h3>\n<p><span style=\"font-weight: 400;\">Monte uma planilha com 3 al\u00edquotas plaus\u00edveis (ex.: 5%, 8% e 12%) e 2 regimes (com\/sem repasse). A diferen\u00e7a anual pode influenciar decis\u00f5es de <\/span><b>manuten\u00e7\u00e3o, retrofit e desinvestimento<\/b><span style=\"font-weight: 400;\">.<\/span><\/p>\n<h3><b>Cen\u00e1rios para o locat\u00e1rio<\/b><\/h3>\n<p><span style=\"font-weight: 400;\">Empresas devem recalibrar o <\/span><b>or\u00e7amento de ocupa\u00e7\u00e3o<\/b><span style=\"font-weight: 400;\"> e renegociar contratos para ganhar previsibilidade. Em <\/span><i><span style=\"font-weight: 400;\">multi-sites<\/span><\/i><span style=\"font-weight: 400;\">, pequenas varia\u00e7\u00f5es geram grandes impactos cumulativos.<\/span><\/p>\n<h2><b>Governan\u00e7a e pr\u00f3ximos passos para propriet\u00e1rios e locat\u00e1rios<\/b><\/h2>\n<p><span style=\"font-weight: 400;\">Quem se adiantar tende a capturar valor \u2014 seja evitando lit\u00edgios, seja melhorando indicadores de retorno ou de efici\u00eancia de ocupa\u00e7\u00e3o.<\/span><\/p>\n<h3><b>Due diligence e aditivos padronizados<\/b><\/h3>\n<p><span style=\"font-weight: 400;\">Revise todos os contratos, identifique lacunas (repasse, hardship, obriga\u00e7\u00f5es acess\u00f3rias) e desenvolva <\/span><b>aditivos padr\u00e3o<\/b><span style=\"font-weight: 400;\"> para acelerar negocia\u00e7\u00f5es. Padroniza\u00e7\u00e3o reduz assimetria informacional e risco de disputa.<\/span><\/p>\n<h3><b>Comunica\u00e7\u00e3o e transpar\u00eancia<\/b><\/h3>\n<p><span style=\"font-weight: 400;\">Construa uma rotina de <\/span><b>comunica\u00e7\u00e3o com stakeholders<\/b><span style=\"font-weight: 400;\"> (investidores, bancos, inquilinos-\u00e2ncora), compartilhando premissas, documentos e prazos da transi\u00e7\u00e3o.<\/span><\/p>\n<h3><b>Quando procurar assessoria jur\u00eddica<\/b><\/h3>\n<p><span style=\"font-weight: 400;\">Projetos com m\u00faltiplos im\u00f3veis, <\/span><i><span style=\"font-weight: 400;\">sale &amp; leasebacks<\/span><\/i><span style=\"font-weight: 400;\">, <\/span><b>FIIs<\/b><span style=\"font-weight: 400;\"> ou <\/span><b>retrofits<\/b><span style=\"font-weight: 400;\"> relevantes pedem an\u00e1lise caso a caso \u2014 especialmente para capturar <\/span><b>cr\u00e9ditos<\/b><span style=\"font-weight: 400;\"> e estruturar cl\u00e1usulas de forma eficiente.<\/span><\/p>\n<p><span style=\"font-weight: 400;\">Para acompanhar normas e regulamenta\u00e7\u00e3o, consulte fontes oficiais:<\/span><\/p>\n<ul>\n<li style=\"font-weight: 400;\" aria-level=\"1\"><a href=\"https:\/\/www.gov.br\/fazenda\" target=\"_blank\" rel=\"noopener\"><span style=\"font-weight: 400;\">Minist\u00e9rio da Fazenda<\/span><\/a><\/li>\n<li style=\"font-weight: 400;\" aria-level=\"1\"><a href=\"https:\/\/www25.senado.leg.br\/web\/atividade\/materias\/-\/materia\/162493\" target=\"_blank\" rel=\"noopener\"><span style=\"font-weight: 400;\">Senado Federal \u2014 EC 132\/2023<\/span><\/a><\/li>\n<\/ul>\n<h2><b>Conclus\u00e3o: agir agora preserva rentabilidade e previsibilidade<\/b><\/h2>\n<p><span style=\"font-weight: 400;\">A <\/span><b>Reforma Tribut\u00e1ria e Investimentos em Im\u00f3veis Comerciais: O que Muda para Propriet\u00e1rios e Locat\u00e1rios<\/b><span style=\"font-weight: 400;\"> n\u00e3o \u00e9 apenas um tema jur\u00eddico; \u00e9 um <\/span><b>tema financeiro<\/b><span style=\"font-weight: 400;\">. Contratos claros, cl\u00e1usulas de repasse, mecanismos de reequil\u00edbrio e um bom <\/span><b>planejamento tribut\u00e1rio<\/b><span style=\"font-weight: 400;\"> podem ser a diferen\u00e7a entre manter o NOI e corro\u00ea-lo ao longo da transi\u00e7\u00e3o.<\/span><\/p>\n<p><span style=\"font-weight: 400;\">Se voc\u00ea \u00e9 <\/span><b>propriet\u00e1rio<\/b><span style=\"font-weight: 400;\">, <\/span><b>gestor<\/b><span style=\"font-weight: 400;\"> ou <\/span><b>locat\u00e1rio corporativo<\/b><span style=\"font-weight: 400;\"> e precisa revisar contratos, preparar aditivos, calcular cen\u00e1rios e estruturar a melhor estrat\u00e9gia sob o novo IVA, fale com a equipe do <\/span><b>Malvese Advogados Associados<\/b><span style=\"font-weight: 400;\">. Nossa atua\u00e7\u00e3o em <\/span><b>Direito Empresarial, Imobili\u00e1rio e Patrimonial<\/b><span style=\"font-weight: 400;\"> foca em reduzir riscos, preservar valor e dar previsibilidade para decis\u00f5es de longo prazo.<\/span><\/p>\n<p><b><a title=\"Contato\" href=\"https:\/\/malvese.com.br\/index.php\/contato\/\" target=\"_blank\" rel=\"noopener\">\u00a0Fale com o Malvese<\/a>:<\/b><span style=\"font-weight: 400;\"> agende uma avalia\u00e7\u00e3o com nosso time e leve seu portf\u00f3lio para a pr\u00f3xima fase da Reforma com seguran\u00e7a jur\u00eddica.<\/span><\/p>\n<p>&nbsp;<\/p>\n","protected":false},"excerpt":{"rendered":"<p>A Reforma Tribut\u00e1ria e Investimentos em Im\u00f3veis Comerciais: O que Muda para Propriet\u00e1rios e Locat\u00e1rios entrou no radar de empresas, fam\u00edlias de alta renda e investidores patrimoniais porque altera a l\u00f3gica de incid\u00eancia e de cr\u00e9dito tribut\u00e1rio sobre opera\u00e7\u00f5es de loca\u00e7\u00e3o, compra e venda, retrofit e benfeitorias. A transi\u00e7\u00e3o para o IVA dual (CBS + [&hellip;]<\/p>\n","protected":false},"author":1,"featured_media":4770,"comment_status":"open","ping_status":"open","sticky":false,"template":"","format":"standard","meta":{"om_disable_all_campaigns":false,"_uf_show_specific_survey":0,"_uf_disable_surveys":false,"_joinchat":[],"footnotes":""},"categories":[31],"tags":[22,58,506],"class_list":["post-4756","post","type-post","status-publish","format-standard","has-post-thumbnail","hentry","category-direito-empresarial","tag-malvese","tag-reforma-tributaria","tag-reforma-tributaria-imoveis-comerciais-locacao"],"aioseo_notices":[],"_links":{"self":[{"href":"https:\/\/malvese.com.br\/index.php\/wp-json\/wp\/v2\/posts\/4756","targetHints":{"allow":["GET"]}}],"collection":[{"href":"https:\/\/malvese.com.br\/index.php\/wp-json\/wp\/v2\/posts"}],"about":[{"href":"https:\/\/malvese.com.br\/index.php\/wp-json\/wp\/v2\/types\/post"}],"author":[{"embeddable":true,"href":"https:\/\/malvese.com.br\/index.php\/wp-json\/wp\/v2\/users\/1"}],"replies":[{"embeddable":true,"href":"https:\/\/malvese.com.br\/index.php\/wp-json\/wp\/v2\/comments?post=4756"}],"version-history":[{"count":2,"href":"https:\/\/malvese.com.br\/index.php\/wp-json\/wp\/v2\/posts\/4756\/revisions"}],"predecessor-version":[{"id":4771,"href":"https:\/\/malvese.com.br\/index.php\/wp-json\/wp\/v2\/posts\/4756\/revisions\/4771"}],"wp:featuredmedia":[{"embeddable":true,"href":"https:\/\/malvese.com.br\/index.php\/wp-json\/wp\/v2\/media\/4770"}],"wp:attachment":[{"href":"https:\/\/malvese.com.br\/index.php\/wp-json\/wp\/v2\/media?parent=4756"}],"wp:term":[{"taxonomy":"category","embeddable":true,"href":"https:\/\/malvese.com.br\/index.php\/wp-json\/wp\/v2\/categories?post=4756"},{"taxonomy":"post_tag","embeddable":true,"href":"https:\/\/malvese.com.br\/index.php\/wp-json\/wp\/v2\/tags?post=4756"}],"curies":[{"name":"wp","href":"https:\/\/api.w.org\/{rel}","templated":true}]}}